{"id":9085,"date":"2020-11-26T17:01:50","date_gmt":"2020-11-26T20:01:50","guid":{"rendered":"http:\/\/escuelanidodecisnes.cl\/web\/?p=9085"},"modified":"2020-11-26T17:02:50","modified_gmt":"2020-11-26T20:02:50","slug":"argumentando-sobre-la-contingencia","status":"publish","type":"post","link":"https:\/\/escuelanidodecisnes.cl\/web\/index.php\/2020\/11\/26\/argumentando-sobre-la-contingencia\/","title":{"rendered":"\u00abArgumentando sobre la contingencia\u00bb"},"content":{"rendered":"<p>En la asignatura de\u00a0Lenguaje y Comunicaci\u00f3n, en la 7\u00b0 unidad correspondiente a los \u00abTextos Argumentativos\u00bb, los ni\u00f1os y ni\u00f1as del nivel 3\u00b0 b\u00e1sico, debieron presentar un video con la actividad se llama \u00abArgumentando sobre la contingencia\u00bb. En esta realizaci\u00f3n audiovisual, cada estudiante deb\u00eda elegir un tema de actualidad y dar su argumento y opini\u00f3n sobre \u00e9l,\u00a0 trabajo que estaba previamente estructurado en su cuaderno y dirigido a distancia por su profesora, Sindy Castro. El alza en los casos Covid-19 en la provincia y la contaminaci\u00f3n ambiental fueron algunos de los temas elegidos.<\/p>\n\n\t\t<style type=\"text\/css\">\n\t\t\t#gallery-1 {\n\t\t\t\tmargin: auto;\n\t\t\t}\n\t\t\t#gallery-1 .gallery-item {\n\t\t\t\tfloat: left;\n\t\t\t\tmargin-top: 10px;\n\t\t\t\ttext-align: center;\n\t\t\t\twidth: 33%;\n\t\t\t}\n\t\t\t#gallery-1 img {\n\t\t\t\tborder: 2px solid #cfcfcf;\n\t\t\t}\n\t\t\t#gallery-1 .gallery-caption {\n\t\t\t\tmargin-left: 0;\n\t\t\t}\n\t\t\t\/* see gallery_shortcode() in wp-includes\/media.php *\/\n\t\t<\/style>\n\t\t<div id='gallery-1' class='gallery galleryid-9085 gallery-columns-3 gallery-size-large'><dl class='gallery-item'>\n\t\t\t<dt class='gallery-icon portrait'>\n\t\t\t\t<a href='https:\/\/escuelanidodecisnes.cl\/web\/wp-content\/uploads\/2020\/11\/IMG_3580.png'><img width=\"625\" height=\"802\" src=\"https:\/\/escuelanidodecisnes.cl\/web\/wp-content\/uploads\/2020\/11\/IMG_3580.png\" class=\"attachment-large size-large\" alt=\"\" loading=\"lazy\" srcset=\"https:\/\/escuelanidodecisnes.cl\/web\/wp-content\/uploads\/2020\/11\/IMG_3580.png 625w, https:\/\/escuelanidodecisnes.cl\/web\/wp-content\/uploads\/2020\/11\/IMG_3580-234x300.png 234w\" sizes=\"(max-width: 625px) 100vw, 625px\" \/><\/a>\n\t\t\t<\/dt><\/dl><dl class='gallery-item'>\n\t\t\t<dt class='gallery-icon portrait'>\n\t\t\t\t<a href='https:\/\/escuelanidodecisnes.cl\/web\/wp-content\/uploads\/2020\/11\/IMG_3582.png'><img width=\"631\" height=\"836\" src=\"https:\/\/escuelanidodecisnes.cl\/web\/wp-content\/uploads\/2020\/11\/IMG_3582.png\" class=\"attachment-large size-large\" alt=\"\" loading=\"lazy\" srcset=\"https:\/\/escuelanidodecisnes.cl\/web\/wp-content\/uploads\/2020\/11\/IMG_3582.png 631w, https:\/\/escuelanidodecisnes.cl\/web\/wp-content\/uploads\/2020\/11\/IMG_3582-226x300.png 226w\" sizes=\"(max-width: 631px) 100vw, 631px\" \/><\/a>\n\t\t\t<\/dt><\/dl><dl class='gallery-item'>\n\t\t\t<dt class='gallery-icon portrait'>\n\t\t\t\t<a href='https:\/\/escuelanidodecisnes.cl\/web\/wp-content\/uploads\/2020\/11\/IMG_3584.png'><img width=\"633\" height=\"944\" src=\"https:\/\/escuelanidodecisnes.cl\/web\/wp-content\/uploads\/2020\/11\/IMG_3584.png\" class=\"attachment-large size-large\" alt=\"\" loading=\"lazy\" srcset=\"https:\/\/escuelanidodecisnes.cl\/web\/wp-content\/uploads\/2020\/11\/IMG_3584.png 633w, https:\/\/escuelanidodecisnes.cl\/web\/wp-content\/uploads\/2020\/11\/IMG_3584-201x300.png 201w\" sizes=\"(max-width: 633px) 100vw, 633px\" \/><\/a>\n\t\t\t<\/dt><\/dl><br style=\"clear: both\" \/><dl class='gallery-item'>\n\t\t\t<dt class='gallery-icon portrait'>\n\t\t\t\t<a href='https:\/\/escuelanidodecisnes.cl\/web\/wp-content\/uploads\/2020\/11\/IMG_3585.png'><img width=\"627\" height=\"949\" src=\"https:\/\/escuelanidodecisnes.cl\/web\/wp-content\/uploads\/2020\/11\/IMG_3585.png\" class=\"attachment-large size-large\" alt=\"\" loading=\"lazy\" srcset=\"https:\/\/escuelanidodecisnes.cl\/web\/wp-content\/uploads\/2020\/11\/IMG_3585.png 627w, https:\/\/escuelanidodecisnes.cl\/web\/wp-content\/uploads\/2020\/11\/IMG_3585-198x300.png 198w\" sizes=\"(max-width: 627px) 100vw, 627px\" \/><\/a>\n\t\t\t<\/dt><\/dl><dl class='gallery-item'>\n\t\t\t<dt class='gallery-icon portrait'>\n\t\t\t\t<a href='https:\/\/escuelanidodecisnes.cl\/web\/wp-content\/uploads\/2020\/11\/IMG_3587.png'><img width=\"591\" height=\"1024\" src=\"https:\/\/escuelanidodecisnes.cl\/web\/wp-content\/uploads\/2020\/11\/IMG_3587-591x1024.png\" class=\"attachment-large size-large\" alt=\"\" loading=\"lazy\" srcset=\"https:\/\/escuelanidodecisnes.cl\/web\/wp-content\/uploads\/2020\/11\/IMG_3587-591x1024.png 591w, https:\/\/escuelanidodecisnes.cl\/web\/wp-content\/uploads\/2020\/11\/IMG_3587-173x300.png 173w, https:\/\/escuelanidodecisnes.cl\/web\/wp-content\/uploads\/2020\/11\/IMG_3587.png 615w\" sizes=\"(max-width: 591px) 100vw, 591px\" \/><\/a>\n\t\t\t<\/dt><\/dl>\n\t\t\t<br style='clear: both' \/>\n\t\t<\/div>\n\n","protected":false},"excerpt":{"rendered":"<p>En la asignatura de\u00a0Lenguaje y Comunicaci\u00f3n, en la 7\u00b0 unidad correspondiente a los \u00abTextos Argumentativos\u00bb, los ni\u00f1os y ni\u00f1as del nivel 3\u00b0 b\u00e1sico, debieron presentar un video con la actividad se llama \u00abArgumentando sobre la contingencia\u00bb. En esta realizaci\u00f3n audiovisual, cada estudiante deb\u00eda elegir un tema de actualidad y dar su argumento y opini\u00f3n sobre [&hellip;]<\/p>\n","protected":false},"author":2,"featured_media":9088,"comment_status":"open","ping_status":"open","sticky":false,"template":"","format":"standard","meta":[],"categories":[4],"tags":[72,64,75],"_links":{"self":[{"href":"https:\/\/escuelanidodecisnes.cl\/web\/index.php\/wp-json\/wp\/v2\/posts\/9085"}],"collection":[{"href":"https:\/\/escuelanidodecisnes.cl\/web\/index.php\/wp-json\/wp\/v2\/posts"}],"about":[{"href":"https:\/\/escuelanidodecisnes.cl\/web\/index.php\/wp-json\/wp\/v2\/types\/post"}],"author":[{"embeddable":true,"href":"https:\/\/escuelanidodecisnes.cl\/web\/index.php\/wp-json\/wp\/v2\/users\/2"}],"replies":[{"embeddable":true,"href":"https:\/\/escuelanidodecisnes.cl\/web\/index.php\/wp-json\/wp\/v2\/comments?post=9085"}],"version-history":[{"count":2,"href":"https:\/\/escuelanidodecisnes.cl\/web\/index.php\/wp-json\/wp\/v2\/posts\/9085\/revisions"}],"predecessor-version":[{"id":9092,"href":"https:\/\/escuelanidodecisnes.cl\/web\/index.php\/wp-json\/wp\/v2\/posts\/9085\/revisions\/9092"}],"wp:featuredmedia":[{"embeddable":true,"href":"https:\/\/escuelanidodecisnes.cl\/web\/index.php\/wp-json\/wp\/v2\/media\/9088"}],"wp:attachment":[{"href":"https:\/\/escuelanidodecisnes.cl\/web\/index.php\/wp-json\/wp\/v2\/media?parent=9085"}],"wp:term":[{"taxonomy":"category","embeddable":true,"href":"https:\/\/escuelanidodecisnes.cl\/web\/index.php\/wp-json\/wp\/v2\/categories?post=9085"},{"taxonomy":"post_tag","embeddable":true,"href":"https:\/\/escuelanidodecisnes.cl\/web\/index.php\/wp-json\/wp\/v2\/tags?post=9085"}],"curies":[{"name":"wp","href":"https:\/\/api.w.org\/{rel}","templated":true}]}}