{"id":8857,"date":"2020-07-05T22:38:18","date_gmt":"2020-07-06T01:38:18","guid":{"rendered":"http:\/\/escuelanidodecisnes.cl\/web\/?p=8857"},"modified":"2020-07-05T22:40:22","modified_gmt":"2020-07-06T01:40:22","slug":"educacion-en-tiempos-de-pandemia","status":"publish","type":"post","link":"https:\/\/escuelanidodecisnes.cl\/web\/index.php\/2020\/07\/05\/educacion-en-tiempos-de-pandemia\/","title":{"rendered":"Educaci\u00f3n en tiempos de pandemia"},"content":{"rendered":"<p>La suspensi\u00f3n de clases presenciales por la pandemia del Covid-19 enfrent\u00f3 a los docentes a un nuevo e inesperado desaf\u00edo, continuar con sus clases y objetivos desde la distancia. Esta misi\u00f3n la han asumido los profesores de nuestra escuela desde el primer d\u00eda, tal como comenta la t\u00eda Sindy Castro, quien trabaja de manera remota con su curso, el 3\u00b0 b\u00e1sico. \u201cComo escuela tuvimos que reinventarnos y conciliar un nuevo m\u00e9todo de trabajo para apoyar a nuestros estudiantes, entregando los contenidos a abordar durante el a\u00f1o escolar de forma diaria, utilizando la aplicaci\u00f3n de whatsapp, tomando las consideraciones pertinentes para no sobre cargar a los estudiantes y su familia de exceso de material diario\u201d, indic\u00f3 la profesora destacando un trabajo colaborativo con las familias, que tratan de apoyar a sus hijos seg\u00fan sus horarios \u00a0y tambi\u00e9n a quienes tienen problemas de conectividad a internet\u00a0 e insumos.<\/p>\n<p>\u201cComo equipo docente hemos tratado de estar casi a tiempo completo apoyando las actividades diarias, orientando el traspaso de informaci\u00f3n de las apoderadas a los ni\u00f1os y las ni\u00f1as, para hacer su desempe\u00f1o \u00f3ptimo, resolviendo dudas e inquietudes de la mejor forma posible. Organizando e implementando recursos que vayan acorde a las necesidades de los estudiantes seg\u00fan el nivel escolar que cursen y comunic\u00e1ndonos activamente como comunidad ante inconvenientes que pueden surgir en el camino\u201d, dijo la t\u00eda Sindy, quien tambi\u00e9n valor\u00f3 la respuesta positiva que ha tenido de su curso, de los padres y apoderados, que diariamente respaldan a sus hijos para cumplir con las tareas que solicita en las asignaturas de Lenguaje, Matem\u00e1ticas, Historia y Ciencias. Igualmente indic\u00f3 que desde su punto de vista, es positivo que los ni\u00f1os puedan seguir con sus actividades escolares, pese al confinamiento, ya que se mantienen ocupados manteniendo sus rutinas.<\/p>\n\n\t\t<style type=\"text\/css\">\n\t\t\t#gallery-1 {\n\t\t\t\tmargin: auto;\n\t\t\t}\n\t\t\t#gallery-1 .gallery-item {\n\t\t\t\tfloat: left;\n\t\t\t\tmargin-top: 10px;\n\t\t\t\ttext-align: center;\n\t\t\t\twidth: 33%;\n\t\t\t}\n\t\t\t#gallery-1 img {\n\t\t\t\tborder: 2px solid #cfcfcf;\n\t\t\t}\n\t\t\t#gallery-1 .gallery-caption {\n\t\t\t\tmargin-left: 0;\n\t\t\t}\n\t\t\t\/* see gallery_shortcode() in wp-includes\/media.php *\/\n\t\t<\/style>\n\t\t<div id='gallery-1' class='gallery galleryid-8857 gallery-columns-3 gallery-size-medium'><dl class='gallery-item'>\n\t\t\t<dt class='gallery-icon portrait'>\n\t\t\t\t<a href='https:\/\/escuelanidodecisnes.cl\/web\/wp-content\/uploads\/2020\/07\/VRPN9919.jpg'><img width=\"225\" height=\"300\" src=\"https:\/\/escuelanidodecisnes.cl\/web\/wp-content\/uploads\/2020\/07\/VRPN9919-225x300.jpg\" class=\"attachment-medium size-medium\" alt=\"\" loading=\"lazy\" srcset=\"https:\/\/escuelanidodecisnes.cl\/web\/wp-content\/uploads\/2020\/07\/VRPN9919-225x300.jpg 225w, https:\/\/escuelanidodecisnes.cl\/web\/wp-content\/uploads\/2020\/07\/VRPN9919-768x1024.jpg 768w, https:\/\/escuelanidodecisnes.cl\/web\/wp-content\/uploads\/2020\/07\/VRPN9919.jpg 960w\" sizes=\"(max-width: 225px) 100vw, 225px\" \/><\/a>\n\t\t\t<\/dt><\/dl><dl class='gallery-item'>\n\t\t\t<dt class='gallery-icon portrait'>\n\t\t\t\t<a href='https:\/\/escuelanidodecisnes.cl\/web\/wp-content\/uploads\/2020\/07\/MSOB2678.jpg'><img width=\"225\" height=\"300\" src=\"https:\/\/escuelanidodecisnes.cl\/web\/wp-content\/uploads\/2020\/07\/MSOB2678-225x300.jpg\" class=\"attachment-medium size-medium\" alt=\"\" loading=\"lazy\" srcset=\"https:\/\/escuelanidodecisnes.cl\/web\/wp-content\/uploads\/2020\/07\/MSOB2678-225x300.jpg 225w, https:\/\/escuelanidodecisnes.cl\/web\/wp-content\/uploads\/2020\/07\/MSOB2678-768x1024.jpg 768w, https:\/\/escuelanidodecisnes.cl\/web\/wp-content\/uploads\/2020\/07\/MSOB2678.jpg 960w\" sizes=\"(max-width: 225px) 100vw, 225px\" \/><\/a>\n\t\t\t<\/dt><\/dl><dl class='gallery-item'>\n\t\t\t<dt class='gallery-icon portrait'>\n\t\t\t\t<a href='https:\/\/escuelanidodecisnes.cl\/web\/wp-content\/uploads\/2020\/07\/CJTR5947.jpg'><img width=\"225\" height=\"300\" src=\"https:\/\/escuelanidodecisnes.cl\/web\/wp-content\/uploads\/2020\/07\/CJTR5947-225x300.jpg\" class=\"attachment-medium size-medium\" alt=\"\" loading=\"lazy\" srcset=\"https:\/\/escuelanidodecisnes.cl\/web\/wp-content\/uploads\/2020\/07\/CJTR5947-225x300.jpg 225w, https:\/\/escuelanidodecisnes.cl\/web\/wp-content\/uploads\/2020\/07\/CJTR5947-768x1024.jpg 768w, https:\/\/escuelanidodecisnes.cl\/web\/wp-content\/uploads\/2020\/07\/CJTR5947.jpg 960w\" sizes=\"(max-width: 225px) 100vw, 225px\" \/><\/a>\n\t\t\t<\/dt><\/dl><br style=\"clear: both\" \/><dl class='gallery-item'>\n\t\t\t<dt class='gallery-icon landscape'>\n\t\t\t\t<a href='https:\/\/escuelanidodecisnes.cl\/web\/wp-content\/uploads\/2020\/07\/TSQJ4011.jpg'><img width=\"300\" height=\"225\" src=\"https:\/\/escuelanidodecisnes.cl\/web\/wp-content\/uploads\/2020\/07\/TSQJ4011-300x225.jpg\" class=\"attachment-medium size-medium\" alt=\"\" loading=\"lazy\" srcset=\"https:\/\/escuelanidodecisnes.cl\/web\/wp-content\/uploads\/2020\/07\/TSQJ4011-300x225.jpg 300w, https:\/\/escuelanidodecisnes.cl\/web\/wp-content\/uploads\/2020\/07\/TSQJ4011-1024x768.jpg 1024w, https:\/\/escuelanidodecisnes.cl\/web\/wp-content\/uploads\/2020\/07\/TSQJ4011.jpg 1280w\" sizes=\"(max-width: 300px) 100vw, 300px\" \/><\/a>\n\t\t\t<\/dt><\/dl><dl class='gallery-item'>\n\t\t\t<dt class='gallery-icon portrait'>\n\t\t\t\t<a href='https:\/\/escuelanidodecisnes.cl\/web\/wp-content\/uploads\/2020\/07\/QFYK5028.jpg'><img width=\"225\" height=\"300\" src=\"https:\/\/escuelanidodecisnes.cl\/web\/wp-content\/uploads\/2020\/07\/QFYK5028-225x300.jpg\" class=\"attachment-medium size-medium\" alt=\"\" loading=\"lazy\" srcset=\"https:\/\/escuelanidodecisnes.cl\/web\/wp-content\/uploads\/2020\/07\/QFYK5028-225x300.jpg 225w, https:\/\/escuelanidodecisnes.cl\/web\/wp-content\/uploads\/2020\/07\/QFYK5028-768x1024.jpg 768w, https:\/\/escuelanidodecisnes.cl\/web\/wp-content\/uploads\/2020\/07\/QFYK5028.jpg 864w\" sizes=\"(max-width: 225px) 100vw, 225px\" \/><\/a>\n\t\t\t<\/dt><\/dl><dl class='gallery-item'>\n\t\t\t<dt class='gallery-icon portrait'>\n\t\t\t\t<a href='https:\/\/escuelanidodecisnes.cl\/web\/wp-content\/uploads\/2020\/07\/HWYL4690.jpg'><img width=\"225\" height=\"300\" src=\"https:\/\/escuelanidodecisnes.cl\/web\/wp-content\/uploads\/2020\/07\/HWYL4690-225x300.jpg\" class=\"attachment-medium size-medium\" alt=\"\" loading=\"lazy\" srcset=\"https:\/\/escuelanidodecisnes.cl\/web\/wp-content\/uploads\/2020\/07\/HWYL4690-225x300.jpg 225w, https:\/\/escuelanidodecisnes.cl\/web\/wp-content\/uploads\/2020\/07\/HWYL4690-768x1024.jpg 768w, https:\/\/escuelanidodecisnes.cl\/web\/wp-content\/uploads\/2020\/07\/HWYL4690.jpg 780w\" sizes=\"(max-width: 225px) 100vw, 225px\" \/><\/a>\n\t\t\t<\/dt><\/dl><br style=\"clear: both\" \/>\n\t\t<\/div>\n\n","protected":false},"excerpt":{"rendered":"<p>La suspensi\u00f3n de clases presenciales por la pandemia del Covid-19 enfrent\u00f3 a los docentes a un nuevo e inesperado desaf\u00edo, continuar con sus clases y objetivos desde la distancia. Esta misi\u00f3n la han asumido los profesores de nuestra escuela desde el primer d\u00eda, tal como comenta la t\u00eda Sindy Castro, quien trabaja de manera remota [&hellip;]<\/p>\n","protected":false},"author":2,"featured_media":8865,"comment_status":"open","ping_status":"open","sticky":false,"template":"","format":"standard","meta":[],"categories":[4],"tags":[],"_links":{"self":[{"href":"https:\/\/escuelanidodecisnes.cl\/web\/index.php\/wp-json\/wp\/v2\/posts\/8857"}],"collection":[{"href":"https:\/\/escuelanidodecisnes.cl\/web\/index.php\/wp-json\/wp\/v2\/posts"}],"about":[{"href":"https:\/\/escuelanidodecisnes.cl\/web\/index.php\/wp-json\/wp\/v2\/types\/post"}],"author":[{"embeddable":true,"href":"https:\/\/escuelanidodecisnes.cl\/web\/index.php\/wp-json\/wp\/v2\/users\/2"}],"replies":[{"embeddable":true,"href":"https:\/\/escuelanidodecisnes.cl\/web\/index.php\/wp-json\/wp\/v2\/comments?post=8857"}],"version-history":[{"count":1,"href":"https:\/\/escuelanidodecisnes.cl\/web\/index.php\/wp-json\/wp\/v2\/posts\/8857\/revisions"}],"predecessor-version":[{"id":8864,"href":"https:\/\/escuelanidodecisnes.cl\/web\/index.php\/wp-json\/wp\/v2\/posts\/8857\/revisions\/8864"}],"wp:featuredmedia":[{"embeddable":true,"href":"https:\/\/escuelanidodecisnes.cl\/web\/index.php\/wp-json\/wp\/v2\/media\/8865"}],"wp:attachment":[{"href":"https:\/\/escuelanidodecisnes.cl\/web\/index.php\/wp-json\/wp\/v2\/media?parent=8857"}],"wp:term":[{"taxonomy":"category","embeddable":true,"href":"https:\/\/escuelanidodecisnes.cl\/web\/index.php\/wp-json\/wp\/v2\/categories?post=8857"},{"taxonomy":"post_tag","embeddable":true,"href":"https:\/\/escuelanidodecisnes.cl\/web\/index.php\/wp-json\/wp\/v2\/tags?post=8857"}],"curies":[{"name":"wp","href":"https:\/\/api.w.org\/{rel}","templated":true}]}}