{"id":707,"date":"2016-08-03T19:41:56","date_gmt":"2016-08-03T22:41:56","guid":{"rendered":"http:\/\/escuelanidodecisnes.cl\/web\/?p=707"},"modified":"2016-08-03T19:41:56","modified_gmt":"2016-08-03T22:41:56","slug":"destacan-trabajo-del-nido-de-cisnes","status":"publish","type":"post","link":"https:\/\/escuelanidodecisnes.cl\/web\/index.php\/2016\/08\/03\/destacan-trabajo-del-nido-de-cisnes\/","title":{"rendered":"Destacan trabajo del Nido de Cisnes"},"content":{"rendered":"<p><img loading=\"lazy\" class=\"alignleft wp-image-708 size-medium\" style=\"border: 1px solid #800000;\" src=\"http:\/\/escuelanidodecisnes.cl\/web\/wp-content\/uploads\/2016\/08\/IMG_0677-300x225.jpg\" alt=\"IMG_0677\" width=\"300\" height=\"225\" \/>Durante tres d\u00edas profesionales de la Agencia de Calidad de la Educaci\u00f3n estar\u00e1n realizando una Visita de Aprendizaje a la escuela Nido de Cisnes, la que tiene como objetivo observar, indagar y conocer pr\u00e1cticas destacadas que tiene el establecimiento y que permiten el aprendizaje \u00f3ptimo de los alumnos.<\/p>\n<p>El m\u00e9todo de trabajo para esta visita es, principalmente, por medio de entrevistas a toda la comunidad educativa, ya sea docentes, directivos, apoderados y estudiantes, adem\u00e1s de observaci\u00f3n de clases. \u201cDespu\u00e9s de esta primera etapa en que conocemos c\u00f3mo funciona el establecimiento, elegimos la pr\u00e1ctica que mejor se sustenta dentro del colegio, para destacarla y profundizarla\u201d, explic\u00f3 Paula Quiroz, una de las encargadas.<\/p>\n<p>Con esta informaci\u00f3n se elabora un reporte, con el que posteriormente se har\u00e1 un taller de an\u00e1lisis con integrantes de la comunidad educativa, para ver est\u00e1 bien planteada la pr\u00e1ctica destacada, \u201cporque la idea es que nosotros vengamos aqu\u00ed a aprender de lo que se est\u00e1 haciendo\u201d, finaliz\u00f3 la profesional, destacando que el Nido de Cisnes fue elegido por su alto desempe\u00f1o, seg\u00fan la categorizaci\u00f3n que realiza la Agencia de Calidad de la Educaci\u00f3n.<\/p>\n","protected":false},"excerpt":{"rendered":"<p>Durante tres d\u00edas profesionales de la Agencia de Calidad de la Educaci\u00f3n estar\u00e1n realizando una Visita de Aprendizaje a la escuela Nido de Cisnes, la que tiene como objetivo observar, indagar y conocer pr\u00e1cticas destacadas que tiene el establecimiento y que permiten el aprendizaje \u00f3ptimo de los alumnos. El m\u00e9todo de trabajo para esta visita [&hellip;]<\/p>\n","protected":false},"author":2,"featured_media":708,"comment_status":"open","ping_status":"open","sticky":false,"template":"","format":"standard","meta":[],"categories":[4],"tags":[31,6],"_links":{"self":[{"href":"https:\/\/escuelanidodecisnes.cl\/web\/index.php\/wp-json\/wp\/v2\/posts\/707"}],"collection":[{"href":"https:\/\/escuelanidodecisnes.cl\/web\/index.php\/wp-json\/wp\/v2\/posts"}],"about":[{"href":"https:\/\/escuelanidodecisnes.cl\/web\/index.php\/wp-json\/wp\/v2\/types\/post"}],"author":[{"embeddable":true,"href":"https:\/\/escuelanidodecisnes.cl\/web\/index.php\/wp-json\/wp\/v2\/users\/2"}],"replies":[{"embeddable":true,"href":"https:\/\/escuelanidodecisnes.cl\/web\/index.php\/wp-json\/wp\/v2\/comments?post=707"}],"version-history":[{"count":1,"href":"https:\/\/escuelanidodecisnes.cl\/web\/index.php\/wp-json\/wp\/v2\/posts\/707\/revisions"}],"predecessor-version":[{"id":709,"href":"https:\/\/escuelanidodecisnes.cl\/web\/index.php\/wp-json\/wp\/v2\/posts\/707\/revisions\/709"}],"wp:featuredmedia":[{"embeddable":true,"href":"https:\/\/escuelanidodecisnes.cl\/web\/index.php\/wp-json\/wp\/v2\/media\/708"}],"wp:attachment":[{"href":"https:\/\/escuelanidodecisnes.cl\/web\/index.php\/wp-json\/wp\/v2\/media?parent=707"}],"wp:term":[{"taxonomy":"category","embeddable":true,"href":"https:\/\/escuelanidodecisnes.cl\/web\/index.php\/wp-json\/wp\/v2\/categories?post=707"},{"taxonomy":"post_tag","embeddable":true,"href":"https:\/\/escuelanidodecisnes.cl\/web\/index.php\/wp-json\/wp\/v2\/tags?post=707"}],"curies":[{"name":"wp","href":"https:\/\/api.w.org\/{rel}","templated":true}]}}