{"id":661,"date":"2016-07-06T00:19:24","date_gmt":"2016-07-06T03:19:24","guid":{"rendered":"http:\/\/escuelanidodecisnes.cl\/web\/?p=661"},"modified":"2016-07-06T00:19:24","modified_gmt":"2016-07-06T03:19:24","slug":"mascaras-de-reciclaje","status":"publish","type":"post","link":"https:\/\/escuelanidodecisnes.cl\/web\/index.php\/2016\/07\/06\/mascaras-de-reciclaje\/","title":{"rendered":"M\u00e1scaras de reciclaje"},"content":{"rendered":"<p><img loading=\"lazy\" class=\"alignleft wp-image-662 size-medium\" style=\"border: 1px solid #000000;\" src=\"http:\/\/escuelanidodecisnes.cl\/web\/wp-content\/uploads\/2016\/07\/mascaras-300x172.jpg\" alt=\"mascaras\" width=\"300\" height=\"172\" srcset=\"https:\/\/escuelanidodecisnes.cl\/web\/wp-content\/uploads\/2016\/07\/mascaras-300x172.jpg 300w, https:\/\/escuelanidodecisnes.cl\/web\/wp-content\/uploads\/2016\/07\/mascaras.jpg 939w\" sizes=\"(max-width: 300px) 100vw, 300px\" \/>El cuarto b\u00e1sico de nuestra escuela realiz\u00f3 una actividad enmarcada en un proyecto de reciclaje. Se trata de la elaboraci\u00f3n de m\u00e1scaras en la asignatura de Educaci\u00f3n Tecnol\u00f3gica, la que ten\u00eda como requisitos ser fabricada con elementos como papel\u00a0 de diario, globo, cola fr\u00eda y pincel. Esta evaluaci\u00f3n se realiz\u00f3 con el fin de que los ni\u00f1os conocieran diversas formas de esculpir cosas con materiales reciclables y de entretenerse en sus clases, dijo la t\u00eda Paloma Oyarz\u00fan, a cargo de esta iniciativa.<\/p>\n<p><em><strong>Por Antonella Quidel, Antonia Chicuy y Milena Vega<\/strong><\/em><\/p>\n<p><em><strong>(Reporteras escolares \/ Taller Periodismo)<\/strong><\/em><\/p>\n","protected":false},"excerpt":{"rendered":"<p>El cuarto b\u00e1sico de nuestra escuela realiz\u00f3 una actividad enmarcada en un proyecto de reciclaje. Se trata de la elaboraci\u00f3n de m\u00e1scaras en la asignatura de Educaci\u00f3n Tecnol\u00f3gica, la que ten\u00eda como requisitos ser fabricada con elementos como papel\u00a0 de diario, globo, cola fr\u00eda y pincel. Esta evaluaci\u00f3n se realiz\u00f3 con el fin de que [&hellip;]<\/p>\n","protected":false},"author":2,"featured_media":662,"comment_status":"open","ping_status":"open","sticky":false,"template":"","format":"standard","meta":[],"categories":[4],"tags":[22,6],"_links":{"self":[{"href":"https:\/\/escuelanidodecisnes.cl\/web\/index.php\/wp-json\/wp\/v2\/posts\/661"}],"collection":[{"href":"https:\/\/escuelanidodecisnes.cl\/web\/index.php\/wp-json\/wp\/v2\/posts"}],"about":[{"href":"https:\/\/escuelanidodecisnes.cl\/web\/index.php\/wp-json\/wp\/v2\/types\/post"}],"author":[{"embeddable":true,"href":"https:\/\/escuelanidodecisnes.cl\/web\/index.php\/wp-json\/wp\/v2\/users\/2"}],"replies":[{"embeddable":true,"href":"https:\/\/escuelanidodecisnes.cl\/web\/index.php\/wp-json\/wp\/v2\/comments?post=661"}],"version-history":[{"count":1,"href":"https:\/\/escuelanidodecisnes.cl\/web\/index.php\/wp-json\/wp\/v2\/posts\/661\/revisions"}],"predecessor-version":[{"id":663,"href":"https:\/\/escuelanidodecisnes.cl\/web\/index.php\/wp-json\/wp\/v2\/posts\/661\/revisions\/663"}],"wp:featuredmedia":[{"embeddable":true,"href":"https:\/\/escuelanidodecisnes.cl\/web\/index.php\/wp-json\/wp\/v2\/media\/662"}],"wp:attachment":[{"href":"https:\/\/escuelanidodecisnes.cl\/web\/index.php\/wp-json\/wp\/v2\/media?parent=661"}],"wp:term":[{"taxonomy":"category","embeddable":true,"href":"https:\/\/escuelanidodecisnes.cl\/web\/index.php\/wp-json\/wp\/v2\/categories?post=661"},{"taxonomy":"post_tag","embeddable":true,"href":"https:\/\/escuelanidodecisnes.cl\/web\/index.php\/wp-json\/wp\/v2\/tags?post=661"}],"curies":[{"name":"wp","href":"https:\/\/api.w.org\/{rel}","templated":true}]}}