{"id":649,"date":"2016-06-28T13:17:58","date_gmt":"2016-06-28T16:17:58","guid":{"rendered":"http:\/\/escuelanidodecisnes.cl\/web\/?p=649"},"modified":"2016-06-28T13:17:58","modified_gmt":"2016-06-28T16:17:58","slug":"ninos-despidieron-a-tia-en-practica","status":"publish","type":"post","link":"https:\/\/escuelanidodecisnes.cl\/web\/index.php\/2016\/06\/28\/ninos-despidieron-a-tia-en-practica\/","title":{"rendered":"Ni\u00f1os despidieron a t\u00eda en pr\u00e1ctica"},"content":{"rendered":"<p><img loading=\"lazy\" class=\"wp-image-652 size-medium alignleft\" style=\"border: 1px solid #000000;\" src=\"http:\/\/escuelanidodecisnes.cl\/web\/wp-content\/uploads\/2016\/06\/IMG_3188-300x224.jpg\" alt=\"IMG_3188\" width=\"300\" height=\"224\" \/>El curso 3\u00b0 b\u00e1sico\u00a0 de la escuela Nido de Cisnes, junto a su profesora Gladys Norambuena y apoderados organizaron una despedida simb\u00f3lica para la estudiante en pr\u00e1ctica, t\u00eda Marcela Contreras, quien los acompa\u00f1\u00f3 desde el mes de marzo.<\/p>\n<p>Seg\u00fan dijo la t\u00eda Gladys, la idea fue agradecer el trabajo de la t\u00eda y el apoyo con el el curso, por eso le hicieron una convivencia y un regalo, que fue un \u00e1rbol con sus manos y sus buenos deseos.<\/p>\n<p>La estudiante en pr\u00e1ctica de la carrera de Psicopedagog\u00eda indic\u00f3 que trabajar con el 3\u00b0 b\u00e1sico fue una experiencia muy linda a pesar que en los primeros d\u00edas estaba nerviosa.<\/p>\n<p>\u00abEl ambiente en la escuela es acogedor y grato, se tratan\u00a0 cordialmente y eso es muy bueno cuando uno llega a un nuevo lugar de trabajo\u00bb, dijo la t\u00eda Marcela, destacando que nunca olvidar\u00e1 a los ni\u00f1os del Nido de Cisnes.<\/p>\n<p><strong><em>Por Carla C\u00e1rcamo y Ang\u00e9lica Luengo<\/em><\/strong><\/p>\n<p><strong><em>(Reporteras Escolares \/ Taller Periodismo)<\/em><\/strong><\/p>\n<p><img loading=\"lazy\" class=\"alignnone wp-image-650 size-medium\" style=\"border: 1px solid #000000;\" src=\"http:\/\/escuelanidodecisnes.cl\/web\/wp-content\/uploads\/2016\/06\/IMG_3184-224x300.jpg\" alt=\"IMG_3184\" width=\"224\" height=\"300\" \/><\/p>\n<p><img loading=\"lazy\" class=\"alignnone wp-image-651 size-medium\" style=\"border: 1px solid #000000;\" src=\"http:\/\/escuelanidodecisnes.cl\/web\/wp-content\/uploads\/2016\/06\/IMG_3186-300x224.jpg\" alt=\"IMG_3186\" width=\"300\" height=\"224\" \/><\/p>\n","protected":false},"excerpt":{"rendered":"<p>El curso 3\u00b0 b\u00e1sico\u00a0 de la escuela Nido de Cisnes, junto a su profesora Gladys Norambuena y apoderados organizaron una despedida simb\u00f3lica para la estudiante en pr\u00e1ctica, t\u00eda Marcela Contreras, quien los acompa\u00f1\u00f3 desde el mes de marzo. Seg\u00fan dijo la t\u00eda Gladys, la idea fue agradecer el trabajo de la t\u00eda y el apoyo [&hellip;]<\/p>\n","protected":false},"author":2,"featured_media":652,"comment_status":"open","ping_status":"open","sticky":false,"template":"","format":"standard","meta":[],"categories":[4],"tags":[6,5],"_links":{"self":[{"href":"https:\/\/escuelanidodecisnes.cl\/web\/index.php\/wp-json\/wp\/v2\/posts\/649"}],"collection":[{"href":"https:\/\/escuelanidodecisnes.cl\/web\/index.php\/wp-json\/wp\/v2\/posts"}],"about":[{"href":"https:\/\/escuelanidodecisnes.cl\/web\/index.php\/wp-json\/wp\/v2\/types\/post"}],"author":[{"embeddable":true,"href":"https:\/\/escuelanidodecisnes.cl\/web\/index.php\/wp-json\/wp\/v2\/users\/2"}],"replies":[{"embeddable":true,"href":"https:\/\/escuelanidodecisnes.cl\/web\/index.php\/wp-json\/wp\/v2\/comments?post=649"}],"version-history":[{"count":1,"href":"https:\/\/escuelanidodecisnes.cl\/web\/index.php\/wp-json\/wp\/v2\/posts\/649\/revisions"}],"predecessor-version":[{"id":653,"href":"https:\/\/escuelanidodecisnes.cl\/web\/index.php\/wp-json\/wp\/v2\/posts\/649\/revisions\/653"}],"wp:featuredmedia":[{"embeddable":true,"href":"https:\/\/escuelanidodecisnes.cl\/web\/index.php\/wp-json\/wp\/v2\/media\/652"}],"wp:attachment":[{"href":"https:\/\/escuelanidodecisnes.cl\/web\/index.php\/wp-json\/wp\/v2\/media?parent=649"}],"wp:term":[{"taxonomy":"category","embeddable":true,"href":"https:\/\/escuelanidodecisnes.cl\/web\/index.php\/wp-json\/wp\/v2\/categories?post=649"},{"taxonomy":"post_tag","embeddable":true,"href":"https:\/\/escuelanidodecisnes.cl\/web\/index.php\/wp-json\/wp\/v2\/tags?post=649"}],"curies":[{"name":"wp","href":"https:\/\/api.w.org\/{rel}","templated":true}]}}