{"id":5871,"date":"2018-10-21T22:03:57","date_gmt":"2018-10-22T01:03:57","guid":{"rendered":"http:\/\/escuelanidodecisnes.cl\/web\/?p=5871"},"modified":"2018-10-22T15:09:35","modified_gmt":"2018-10-22T18:09:35","slug":"el-trabajo-del-pie","status":"publish","type":"post","link":"https:\/\/escuelanidodecisnes.cl\/web\/index.php\/2018\/10\/21\/el-trabajo-del-pie\/","title":{"rendered":"El trabajo del PIE"},"content":{"rendered":"<p>Un importante trabajo es el que realiza el Proyecto de Integraci\u00f3n Escolar, PIE, de la Escuela Nido de Cisnes. Junto a la t\u00eda Marcela Contreras, el t\u00edo Nicol\u00e1s Rivera, nos coment\u00f3 que este programa consiste en poder reforzar y ayudar en los contenidos, tanto de Lenguaje como de Matem\u00e1ticas, a los alumnos que tengan necesidades educativas especiales, ya sean \u00e9stas de car\u00e1cter permanente o transitorio. El PIE atiende en general a 45 alumnos, \u00a0adem\u00e1s hay ni\u00f1os que no est\u00e1n integrados, sin embargo, igual se les entrega un apoyo, porque se trabaja con ellos de forma personalizada e individualizada, y en ocasiones con material did\u00e1ctico para que de esta forma puedan adquirir los aprendizajes necesarios que se requieren. Este a\u00f1o han realizado varias actividades y salidas pedag\u00f3gicas, con estudiantes que integran el PIE, y otros que no. Algunas de estas fueron las visitas al Festival de Matem\u00e1ticas, al Museo de Arte Moderno, el Cisnepalooza, el Cisnepalabra, limpieza de playas, actividades relacionadas con inicios del a\u00f1o escolar, entre otras , para trabajar con algo m\u00e1s did\u00e1ctico, no tanto con l\u00e1piz y papel.<\/p>\n<p>El equipo profesional del PIE, lo completan los t\u00edos Constanza Bahamonde, fonoaudi\u00f3loga y Johan Bustos, psic\u00f3logo.<\/p>\n<p><strong><em>Por Bel\u00e9n Miranda y Javiera Nonque<\/em><\/strong><\/p>\n<p><strong><em>(Reporteras escolares \/ Taller Periodismo)<\/em><\/strong><\/p>\n\n\t\t<style type=\"text\/css\">\n\t\t\t#gallery-1 {\n\t\t\t\tmargin: auto;\n\t\t\t}\n\t\t\t#gallery-1 .gallery-item {\n\t\t\t\tfloat: left;\n\t\t\t\tmargin-top: 10px;\n\t\t\t\ttext-align: center;\n\t\t\t\twidth: 33%;\n\t\t\t}\n\t\t\t#gallery-1 img {\n\t\t\t\tborder: 2px solid #cfcfcf;\n\t\t\t}\n\t\t\t#gallery-1 .gallery-caption {\n\t\t\t\tmargin-left: 0;\n\t\t\t}\n\t\t\t\/* see gallery_shortcode() in wp-includes\/media.php *\/\n\t\t<\/style>\n\t\t<div id='gallery-1' class='gallery galleryid-5871 gallery-columns-3 gallery-size-medium'><dl class='gallery-item'>\n\t\t\t<dt class='gallery-icon landscape'>\n\t\t\t\t<a href='https:\/\/escuelanidodecisnes.cl\/web\/wp-content\/uploads\/2018\/10\/IMG_6073.jpg'><img width=\"300\" height=\"225\" src=\"https:\/\/escuelanidodecisnes.cl\/web\/wp-content\/uploads\/2018\/10\/IMG_6073-300x225.jpg\" class=\"attachment-medium size-medium\" alt=\"\" loading=\"lazy\" srcset=\"https:\/\/escuelanidodecisnes.cl\/web\/wp-content\/uploads\/2018\/10\/IMG_6073-300x225.jpg 300w, https:\/\/escuelanidodecisnes.cl\/web\/wp-content\/uploads\/2018\/10\/IMG_6073-1024x768.jpg 1024w\" sizes=\"(max-width: 300px) 100vw, 300px\" \/><\/a>\n\t\t\t<\/dt><\/dl><dl class='gallery-item'>\n\t\t\t<dt class='gallery-icon landscape'>\n\t\t\t\t<a href='https:\/\/escuelanidodecisnes.cl\/web\/wp-content\/uploads\/2018\/10\/PCOJ0022.jpg'><img width=\"300\" height=\"225\" src=\"https:\/\/escuelanidodecisnes.cl\/web\/wp-content\/uploads\/2018\/10\/PCOJ0022-300x225.jpg\" class=\"attachment-medium size-medium\" alt=\"\" loading=\"lazy\" srcset=\"https:\/\/escuelanidodecisnes.cl\/web\/wp-content\/uploads\/2018\/10\/PCOJ0022-300x225.jpg 300w, https:\/\/escuelanidodecisnes.cl\/web\/wp-content\/uploads\/2018\/10\/PCOJ0022-1024x768.jpg 1024w, https:\/\/escuelanidodecisnes.cl\/web\/wp-content\/uploads\/2018\/10\/PCOJ0022.jpg 1280w\" sizes=\"(max-width: 300px) 100vw, 300px\" \/><\/a>\n\t\t\t<\/dt><\/dl><dl class='gallery-item'>\n\t\t\t<dt class='gallery-icon landscape'>\n\t\t\t\t<a href='https:\/\/escuelanidodecisnes.cl\/web\/wp-content\/uploads\/2018\/10\/SYPS6688.jpg'><img width=\"300\" height=\"225\" src=\"https:\/\/escuelanidodecisnes.cl\/web\/wp-content\/uploads\/2018\/10\/SYPS6688-300x225.jpg\" class=\"attachment-medium size-medium\" alt=\"\" loading=\"lazy\" srcset=\"https:\/\/escuelanidodecisnes.cl\/web\/wp-content\/uploads\/2018\/10\/SYPS6688-300x225.jpg 300w, https:\/\/escuelanidodecisnes.cl\/web\/wp-content\/uploads\/2018\/10\/SYPS6688-1024x768.jpg 1024w, https:\/\/escuelanidodecisnes.cl\/web\/wp-content\/uploads\/2018\/10\/SYPS6688.jpg 1280w\" sizes=\"(max-width: 300px) 100vw, 300px\" \/><\/a>\n\t\t\t<\/dt><\/dl><br style=\"clear: both\" \/><dl class='gallery-item'>\n\t\t\t<dt class='gallery-icon landscape'>\n\t\t\t\t<a href='https:\/\/escuelanidodecisnes.cl\/web\/wp-content\/uploads\/2018\/10\/ok.jpg'><img width=\"300\" height=\"225\" src=\"https:\/\/escuelanidodecisnes.cl\/web\/wp-content\/uploads\/2018\/10\/ok-300x225.jpg\" class=\"attachment-medium size-medium\" alt=\"\" loading=\"lazy\" srcset=\"https:\/\/escuelanidodecisnes.cl\/web\/wp-content\/uploads\/2018\/10\/ok-300x225.jpg 300w, https:\/\/escuelanidodecisnes.cl\/web\/wp-content\/uploads\/2018\/10\/ok.jpg 1000w\" sizes=\"(max-width: 300px) 100vw, 300px\" \/><\/a>\n\t\t\t<\/dt><\/dl>\n\t\t\t<br style='clear: both' \/>\n\t\t<\/div>\n\n<p>&nbsp;<\/p>\n","protected":false},"excerpt":{"rendered":"<p>Un importante trabajo es el que realiza el Proyecto de Integraci\u00f3n Escolar, PIE, de la Escuela Nido de Cisnes. Junto a la t\u00eda Marcela Contreras, el t\u00edo Nicol\u00e1s Rivera, nos coment\u00f3 que este programa consiste en poder reforzar y ayudar en los contenidos, tanto de Lenguaje como de Matem\u00e1ticas, a los alumnos que tengan necesidades [&hellip;]<\/p>\n","protected":false},"author":2,"featured_media":5872,"comment_status":"open","ping_status":"open","sticky":false,"template":"","format":"standard","meta":[],"categories":[4],"tags":[72,7,82],"_links":{"self":[{"href":"https:\/\/escuelanidodecisnes.cl\/web\/index.php\/wp-json\/wp\/v2\/posts\/5871"}],"collection":[{"href":"https:\/\/escuelanidodecisnes.cl\/web\/index.php\/wp-json\/wp\/v2\/posts"}],"about":[{"href":"https:\/\/escuelanidodecisnes.cl\/web\/index.php\/wp-json\/wp\/v2\/types\/post"}],"author":[{"embeddable":true,"href":"https:\/\/escuelanidodecisnes.cl\/web\/index.php\/wp-json\/wp\/v2\/users\/2"}],"replies":[{"embeddable":true,"href":"https:\/\/escuelanidodecisnes.cl\/web\/index.php\/wp-json\/wp\/v2\/comments?post=5871"}],"version-history":[{"count":4,"href":"https:\/\/escuelanidodecisnes.cl\/web\/index.php\/wp-json\/wp\/v2\/posts\/5871\/revisions"}],"predecessor-version":[{"id":5878,"href":"https:\/\/escuelanidodecisnes.cl\/web\/index.php\/wp-json\/wp\/v2\/posts\/5871\/revisions\/5878"}],"wp:featuredmedia":[{"embeddable":true,"href":"https:\/\/escuelanidodecisnes.cl\/web\/index.php\/wp-json\/wp\/v2\/media\/5872"}],"wp:attachment":[{"href":"https:\/\/escuelanidodecisnes.cl\/web\/index.php\/wp-json\/wp\/v2\/media?parent=5871"}],"wp:term":[{"taxonomy":"category","embeddable":true,"href":"https:\/\/escuelanidodecisnes.cl\/web\/index.php\/wp-json\/wp\/v2\/categories?post=5871"},{"taxonomy":"post_tag","embeddable":true,"href":"https:\/\/escuelanidodecisnes.cl\/web\/index.php\/wp-json\/wp\/v2\/tags?post=5871"}],"curies":[{"name":"wp","href":"https:\/\/api.w.org\/{rel}","templated":true}]}}