{"id":5583,"date":"2018-09-23T23:34:44","date_gmt":"2018-09-24T02:34:44","guid":{"rendered":"http:\/\/escuelanidodecisnes.cl\/web\/?p=5583"},"modified":"2018-09-23T23:34:44","modified_gmt":"2018-09-24T02:34:44","slug":"visita-a-liceo-de-curaco-de-velez","status":"publish","type":"post","link":"https:\/\/escuelanidodecisnes.cl\/web\/index.php\/2018\/09\/23\/visita-a-liceo-de-curaco-de-velez\/","title":{"rendered":"Visita a Liceo de Curaco de V\u00e9lez"},"content":{"rendered":"<p>Una visita al Liceo Alfredo Barr\u00eda Oyarz\u00fan de Curaco de V\u00e9lez realizaron los alumnos de 8\u00b0 b\u00e1sico de la escuela Nido de Cisnes. Este liceo ofrece la carrera de T\u00e9cnico en Enfermer\u00eda y tambi\u00e9n educaci\u00f3n de cient\u00edfico humanista. Muchos d nuestros compa\u00f1eros quedaron impresionados con la nueva infraestructura del establecimiento, y se nos presenta como una alternativa para continuar nuestros estudios de ense\u00f1anza media.<\/p>\n<p>Creemos que visitas como \u00e9stas son positivas, porque es bueno poder conocer los liceos antes de tomar la decisi\u00f3n sobre a cu\u00e1l colegio vamos a postular, porque as\u00ed estamos m\u00e1s informados.<\/p>\n<p><strong><em>Por Bel\u00e9n Nail y Ayleen Quidel<\/em><\/strong><\/p>\n<p><strong><em>(Reporteras escolares \/ Taller Periodismo)<\/em><\/strong><\/p>\n\n\t\t<style type=\"text\/css\">\n\t\t\t#gallery-1 {\n\t\t\t\tmargin: auto;\n\t\t\t}\n\t\t\t#gallery-1 .gallery-item {\n\t\t\t\tfloat: left;\n\t\t\t\tmargin-top: 10px;\n\t\t\t\ttext-align: center;\n\t\t\t\twidth: 33%;\n\t\t\t}\n\t\t\t#gallery-1 img {\n\t\t\t\tborder: 2px solid #cfcfcf;\n\t\t\t}\n\t\t\t#gallery-1 .gallery-caption {\n\t\t\t\tmargin-left: 0;\n\t\t\t}\n\t\t\t\/* see gallery_shortcode() in wp-includes\/media.php *\/\n\t\t<\/style>\n\t\t<div id='gallery-1' class='gallery galleryid-5583 gallery-columns-3 gallery-size-medium'><dl class='gallery-item'>\n\t\t\t<dt class='gallery-icon landscape'>\n\t\t\t\t<a href='https:\/\/escuelanidodecisnes.cl\/web\/wp-content\/uploads\/2018\/09\/GHOE7963.jpg'><img width=\"300\" height=\"225\" src=\"https:\/\/escuelanidodecisnes.cl\/web\/wp-content\/uploads\/2018\/09\/GHOE7963-300x225.jpg\" class=\"attachment-medium size-medium\" alt=\"\" loading=\"lazy\" srcset=\"https:\/\/escuelanidodecisnes.cl\/web\/wp-content\/uploads\/2018\/09\/GHOE7963-300x225.jpg 300w, https:\/\/escuelanidodecisnes.cl\/web\/wp-content\/uploads\/2018\/09\/GHOE7963-1024x768.jpg 1024w, https:\/\/escuelanidodecisnes.cl\/web\/wp-content\/uploads\/2018\/09\/GHOE7963.jpg 1280w\" sizes=\"(max-width: 300px) 100vw, 300px\" \/><\/a>\n\t\t\t<\/dt><\/dl><dl class='gallery-item'>\n\t\t\t<dt class='gallery-icon landscape'>\n\t\t\t\t<a href='https:\/\/escuelanidodecisnes.cl\/web\/wp-content\/uploads\/2018\/09\/MVPV5616.jpg'><img width=\"300\" height=\"225\" src=\"https:\/\/escuelanidodecisnes.cl\/web\/wp-content\/uploads\/2018\/09\/MVPV5616-300x225.jpg\" class=\"attachment-medium size-medium\" alt=\"\" loading=\"lazy\" srcset=\"https:\/\/escuelanidodecisnes.cl\/web\/wp-content\/uploads\/2018\/09\/MVPV5616-300x225.jpg 300w, https:\/\/escuelanidodecisnes.cl\/web\/wp-content\/uploads\/2018\/09\/MVPV5616-1024x768.jpg 1024w, https:\/\/escuelanidodecisnes.cl\/web\/wp-content\/uploads\/2018\/09\/MVPV5616.jpg 1280w\" sizes=\"(max-width: 300px) 100vw, 300px\" \/><\/a>\n\t\t\t<\/dt><\/dl><dl class='gallery-item'>\n\t\t\t<dt class='gallery-icon landscape'>\n\t\t\t\t<a href='https:\/\/escuelanidodecisnes.cl\/web\/wp-content\/uploads\/2018\/09\/UWEU9103.jpg'><img width=\"300\" height=\"225\" src=\"https:\/\/escuelanidodecisnes.cl\/web\/wp-content\/uploads\/2018\/09\/UWEU9103-300x225.jpg\" class=\"attachment-medium size-medium\" alt=\"\" loading=\"lazy\" srcset=\"https:\/\/escuelanidodecisnes.cl\/web\/wp-content\/uploads\/2018\/09\/UWEU9103-300x225.jpg 300w, https:\/\/escuelanidodecisnes.cl\/web\/wp-content\/uploads\/2018\/09\/UWEU9103-1024x768.jpg 1024w, https:\/\/escuelanidodecisnes.cl\/web\/wp-content\/uploads\/2018\/09\/UWEU9103.jpg 1280w\" sizes=\"(max-width: 300px) 100vw, 300px\" \/><\/a>\n\t\t\t<\/dt><\/dl><br style=\"clear: both\" \/><dl class='gallery-item'>\n\t\t\t<dt class='gallery-icon landscape'>\n\t\t\t\t<a href='https:\/\/escuelanidodecisnes.cl\/web\/wp-content\/uploads\/2018\/09\/TMWY3137.jpg'><img width=\"300\" height=\"225\" src=\"https:\/\/escuelanidodecisnes.cl\/web\/wp-content\/uploads\/2018\/09\/TMWY3137-300x225.jpg\" class=\"attachment-medium size-medium\" alt=\"\" loading=\"lazy\" srcset=\"https:\/\/escuelanidodecisnes.cl\/web\/wp-content\/uploads\/2018\/09\/TMWY3137-300x225.jpg 300w, https:\/\/escuelanidodecisnes.cl\/web\/wp-content\/uploads\/2018\/09\/TMWY3137-1024x768.jpg 1024w, https:\/\/escuelanidodecisnes.cl\/web\/wp-content\/uploads\/2018\/09\/TMWY3137.jpg 1280w\" sizes=\"(max-width: 300px) 100vw, 300px\" \/><\/a>\n\t\t\t<\/dt><\/dl><dl class='gallery-item'>\n\t\t\t<dt class='gallery-icon landscape'>\n\t\t\t\t<a href='https:\/\/escuelanidodecisnes.cl\/web\/wp-content\/uploads\/2018\/09\/VRFS3805.jpg'><img width=\"300\" height=\"225\" src=\"https:\/\/escuelanidodecisnes.cl\/web\/wp-content\/uploads\/2018\/09\/VRFS3805-300x225.jpg\" class=\"attachment-medium size-medium\" alt=\"\" loading=\"lazy\" srcset=\"https:\/\/escuelanidodecisnes.cl\/web\/wp-content\/uploads\/2018\/09\/VRFS3805-300x225.jpg 300w, https:\/\/escuelanidodecisnes.cl\/web\/wp-content\/uploads\/2018\/09\/VRFS3805-1024x768.jpg 1024w, https:\/\/escuelanidodecisnes.cl\/web\/wp-content\/uploads\/2018\/09\/VRFS3805.jpg 1280w\" sizes=\"(max-width: 300px) 100vw, 300px\" \/><\/a>\n\t\t\t<\/dt><\/dl><dl class='gallery-item'>\n\t\t\t<dt class='gallery-icon landscape'>\n\t\t\t\t<a href='https:\/\/escuelanidodecisnes.cl\/web\/wp-content\/uploads\/2018\/09\/STGE5940.jpg'><img width=\"300\" height=\"225\" src=\"https:\/\/escuelanidodecisnes.cl\/web\/wp-content\/uploads\/2018\/09\/STGE5940-300x225.jpg\" class=\"attachment-medium size-medium\" alt=\"\" loading=\"lazy\" srcset=\"https:\/\/escuelanidodecisnes.cl\/web\/wp-content\/uploads\/2018\/09\/STGE5940-300x225.jpg 300w, https:\/\/escuelanidodecisnes.cl\/web\/wp-content\/uploads\/2018\/09\/STGE5940-1024x768.jpg 1024w, https:\/\/escuelanidodecisnes.cl\/web\/wp-content\/uploads\/2018\/09\/STGE5940.jpg 1280w\" sizes=\"(max-width: 300px) 100vw, 300px\" \/><\/a>\n\t\t\t<\/dt><\/dl><br style=\"clear: both\" \/>\n\t\t<\/div>\n\n","protected":false},"excerpt":{"rendered":"<p>Una visita al Liceo Alfredo Barr\u00eda Oyarz\u00fan de Curaco de V\u00e9lez realizaron los alumnos de 8\u00b0 b\u00e1sico de la escuela Nido de Cisnes. Este liceo ofrece la carrera de T\u00e9cnico en Enfermer\u00eda y tambi\u00e9n educaci\u00f3n de cient\u00edfico humanista. Muchos d nuestros compa\u00f1eros quedaron impresionados con la nueva infraestructura del establecimiento, y se nos presenta como [&hellip;]<\/p>\n","protected":false},"author":2,"featured_media":5589,"comment_status":"open","ping_status":"open","sticky":false,"template":"","format":"standard","meta":[],"categories":[4],"tags":[7,5],"_links":{"self":[{"href":"https:\/\/escuelanidodecisnes.cl\/web\/index.php\/wp-json\/wp\/v2\/posts\/5583"}],"collection":[{"href":"https:\/\/escuelanidodecisnes.cl\/web\/index.php\/wp-json\/wp\/v2\/posts"}],"about":[{"href":"https:\/\/escuelanidodecisnes.cl\/web\/index.php\/wp-json\/wp\/v2\/types\/post"}],"author":[{"embeddable":true,"href":"https:\/\/escuelanidodecisnes.cl\/web\/index.php\/wp-json\/wp\/v2\/users\/2"}],"replies":[{"embeddable":true,"href":"https:\/\/escuelanidodecisnes.cl\/web\/index.php\/wp-json\/wp\/v2\/comments?post=5583"}],"version-history":[{"count":1,"href":"https:\/\/escuelanidodecisnes.cl\/web\/index.php\/wp-json\/wp\/v2\/posts\/5583\/revisions"}],"predecessor-version":[{"id":5590,"href":"https:\/\/escuelanidodecisnes.cl\/web\/index.php\/wp-json\/wp\/v2\/posts\/5583\/revisions\/5590"}],"wp:featuredmedia":[{"embeddable":true,"href":"https:\/\/escuelanidodecisnes.cl\/web\/index.php\/wp-json\/wp\/v2\/media\/5589"}],"wp:attachment":[{"href":"https:\/\/escuelanidodecisnes.cl\/web\/index.php\/wp-json\/wp\/v2\/media?parent=5583"}],"wp:term":[{"taxonomy":"category","embeddable":true,"href":"https:\/\/escuelanidodecisnes.cl\/web\/index.php\/wp-json\/wp\/v2\/categories?post=5583"},{"taxonomy":"post_tag","embeddable":true,"href":"https:\/\/escuelanidodecisnes.cl\/web\/index.php\/wp-json\/wp\/v2\/tags?post=5583"}],"curies":[{"name":"wp","href":"https:\/\/api.w.org\/{rel}","templated":true}]}}