{"id":3514,"date":"2017-10-17T16:54:40","date_gmt":"2017-10-17T19:54:40","guid":{"rendered":"http:\/\/escuelanidodecisnes.cl\/web\/?p=3514"},"modified":"2017-10-17T16:54:40","modified_gmt":"2017-10-17T19:54:40","slug":"fabrican-instrumento-musical","status":"publish","type":"post","link":"https:\/\/escuelanidodecisnes.cl\/web\/index.php\/2017\/10\/17\/fabrican-instrumento-musical\/","title":{"rendered":"Fabrican instrumento musical"},"content":{"rendered":"<p>En el nivel Prekinder de nuestra escuela, la educadora Graciela Toro gui\u00f3 a los ni\u00f1os para realizar un proyecto musical. Se trata de la elaboraci\u00f3n de un instrumento llamado la tormenta, el que tuvo por objetivo potenciar la motricidad fina de los alumnos. Este trabajo lo desarrollaron en en el \u00e1rea de Formaci\u00f3n Personal y Social en el \u00e1mbito de Autonom\u00eda.<\/p>\n<p>La t\u00eda nos cont\u00f3 que que se organizaron solicitando los materiales a los apoderados, y algunos de los que utilizaron fueron: resorte, tarro de papas fritas con tapa, tempera y pincel. Tambi\u00e9n se\u00f1al\u00f3 que a los ni\u00f1os les encant\u00f3 el trabajo porque les gusta trabajar con t\u00e9mperas de colores y hacer ruido.<\/p>\n<p><em><strong>Por Dayana Asencio, Nicol Barrientos y Tamara Leiva<\/strong><\/em><\/p>\n<p><em><strong>(Reporteras escolares \/ Taller Periodismo)<\/strong><\/em><\/p>\n\n\t\t<style type=\"text\/css\">\n\t\t\t#gallery-1 {\n\t\t\t\tmargin: auto;\n\t\t\t}\n\t\t\t#gallery-1 .gallery-item {\n\t\t\t\tfloat: left;\n\t\t\t\tmargin-top: 10px;\n\t\t\t\ttext-align: center;\n\t\t\t\twidth: 33%;\n\t\t\t}\n\t\t\t#gallery-1 img {\n\t\t\t\tborder: 2px solid #cfcfcf;\n\t\t\t}\n\t\t\t#gallery-1 .gallery-caption {\n\t\t\t\tmargin-left: 0;\n\t\t\t}\n\t\t\t\/* see gallery_shortcode() in wp-includes\/media.php *\/\n\t\t<\/style>\n\t\t<div id='gallery-1' class='gallery galleryid-3514 gallery-columns-3 gallery-size-medium'><dl class='gallery-item'>\n\t\t\t<dt class='gallery-icon landscape'>\n\t\t\t\t<a href='https:\/\/escuelanidodecisnes.cl\/web\/wp-content\/uploads\/2017\/10\/DSC04578.jpg'><img width=\"300\" height=\"225\" src=\"https:\/\/escuelanidodecisnes.cl\/web\/wp-content\/uploads\/2017\/10\/DSC04578-300x225.jpg\" class=\"attachment-medium size-medium\" alt=\"\" loading=\"lazy\" srcset=\"https:\/\/escuelanidodecisnes.cl\/web\/wp-content\/uploads\/2017\/10\/DSC04578-300x225.jpg 300w, https:\/\/escuelanidodecisnes.cl\/web\/wp-content\/uploads\/2017\/10\/DSC04578.jpg 1000w\" sizes=\"(max-width: 300px) 100vw, 300px\" \/><\/a>\n\t\t\t<\/dt><\/dl><dl class='gallery-item'>\n\t\t\t<dt class='gallery-icon landscape'>\n\t\t\t\t<a href='https:\/\/escuelanidodecisnes.cl\/web\/wp-content\/uploads\/2017\/10\/DSC04579.jpg'><img width=\"300\" height=\"225\" src=\"https:\/\/escuelanidodecisnes.cl\/web\/wp-content\/uploads\/2017\/10\/DSC04579-300x225.jpg\" class=\"attachment-medium size-medium\" alt=\"\" loading=\"lazy\" srcset=\"https:\/\/escuelanidodecisnes.cl\/web\/wp-content\/uploads\/2017\/10\/DSC04579-300x225.jpg 300w, https:\/\/escuelanidodecisnes.cl\/web\/wp-content\/uploads\/2017\/10\/DSC04579.jpg 1000w\" sizes=\"(max-width: 300px) 100vw, 300px\" \/><\/a>\n\t\t\t<\/dt><\/dl><dl class='gallery-item'>\n\t\t\t<dt class='gallery-icon landscape'>\n\t\t\t\t<a href='https:\/\/escuelanidodecisnes.cl\/web\/wp-content\/uploads\/2017\/10\/DSC04580.jpg'><img width=\"300\" height=\"225\" src=\"https:\/\/escuelanidodecisnes.cl\/web\/wp-content\/uploads\/2017\/10\/DSC04580-300x225.jpg\" class=\"attachment-medium size-medium\" alt=\"\" loading=\"lazy\" srcset=\"https:\/\/escuelanidodecisnes.cl\/web\/wp-content\/uploads\/2017\/10\/DSC04580-300x225.jpg 300w, https:\/\/escuelanidodecisnes.cl\/web\/wp-content\/uploads\/2017\/10\/DSC04580.jpg 1000w\" sizes=\"(max-width: 300px) 100vw, 300px\" \/><\/a>\n\t\t\t<\/dt><\/dl><br style=\"clear: both\" \/><dl class='gallery-item'>\n\t\t\t<dt class='gallery-icon landscape'>\n\t\t\t\t<a href='https:\/\/escuelanidodecisnes.cl\/web\/wp-content\/uploads\/2017\/10\/DSC04581.jpg'><img width=\"300\" height=\"225\" src=\"https:\/\/escuelanidodecisnes.cl\/web\/wp-content\/uploads\/2017\/10\/DSC04581-300x225.jpg\" class=\"attachment-medium size-medium\" alt=\"\" loading=\"lazy\" srcset=\"https:\/\/escuelanidodecisnes.cl\/web\/wp-content\/uploads\/2017\/10\/DSC04581-300x225.jpg 300w, https:\/\/escuelanidodecisnes.cl\/web\/wp-content\/uploads\/2017\/10\/DSC04581.jpg 1000w\" sizes=\"(max-width: 300px) 100vw, 300px\" \/><\/a>\n\t\t\t<\/dt><\/dl><dl class='gallery-item'>\n\t\t\t<dt class='gallery-icon landscape'>\n\t\t\t\t<a href='https:\/\/escuelanidodecisnes.cl\/web\/wp-content\/uploads\/2017\/10\/DSC04585.jpg'><img width=\"300\" height=\"225\" src=\"https:\/\/escuelanidodecisnes.cl\/web\/wp-content\/uploads\/2017\/10\/DSC04585-300x225.jpg\" class=\"attachment-medium size-medium\" alt=\"\" loading=\"lazy\" srcset=\"https:\/\/escuelanidodecisnes.cl\/web\/wp-content\/uploads\/2017\/10\/DSC04585-300x225.jpg 300w, https:\/\/escuelanidodecisnes.cl\/web\/wp-content\/uploads\/2017\/10\/DSC04585.jpg 1000w\" sizes=\"(max-width: 300px) 100vw, 300px\" \/><\/a>\n\t\t\t<\/dt><\/dl><dl class='gallery-item'>\n\t\t\t<dt class='gallery-icon landscape'>\n\t\t\t\t<a href='https:\/\/escuelanidodecisnes.cl\/web\/wp-content\/uploads\/2017\/10\/DSC04589.jpg'><img width=\"300\" height=\"225\" src=\"https:\/\/escuelanidodecisnes.cl\/web\/wp-content\/uploads\/2017\/10\/DSC04589-300x225.jpg\" class=\"attachment-medium size-medium\" alt=\"\" loading=\"lazy\" srcset=\"https:\/\/escuelanidodecisnes.cl\/web\/wp-content\/uploads\/2017\/10\/DSC04589-300x225.jpg 300w, https:\/\/escuelanidodecisnes.cl\/web\/wp-content\/uploads\/2017\/10\/DSC04589.jpg 1000w\" sizes=\"(max-width: 300px) 100vw, 300px\" \/><\/a>\n\t\t\t<\/dt><\/dl><br style=\"clear: both\" \/><dl class='gallery-item'>\n\t\t\t<dt class='gallery-icon landscape'>\n\t\t\t\t<a href='https:\/\/escuelanidodecisnes.cl\/web\/wp-content\/uploads\/2017\/10\/DSC04591.jpg'><img width=\"300\" height=\"225\" src=\"https:\/\/escuelanidodecisnes.cl\/web\/wp-content\/uploads\/2017\/10\/DSC04591-300x225.jpg\" class=\"attachment-medium size-medium\" alt=\"\" loading=\"lazy\" srcset=\"https:\/\/escuelanidodecisnes.cl\/web\/wp-content\/uploads\/2017\/10\/DSC04591-300x225.jpg 300w, https:\/\/escuelanidodecisnes.cl\/web\/wp-content\/uploads\/2017\/10\/DSC04591.jpg 1000w\" sizes=\"(max-width: 300px) 100vw, 300px\" \/><\/a>\n\t\t\t<\/dt><\/dl><dl class='gallery-item'>\n\t\t\t<dt class='gallery-icon landscape'>\n\t\t\t\t<a href='https:\/\/escuelanidodecisnes.cl\/web\/wp-content\/uploads\/2017\/10\/DSC04593.jpg'><img width=\"300\" height=\"225\" src=\"https:\/\/escuelanidodecisnes.cl\/web\/wp-content\/uploads\/2017\/10\/DSC04593-300x225.jpg\" class=\"attachment-medium size-medium\" alt=\"\" loading=\"lazy\" srcset=\"https:\/\/escuelanidodecisnes.cl\/web\/wp-content\/uploads\/2017\/10\/DSC04593-300x225.jpg 300w, https:\/\/escuelanidodecisnes.cl\/web\/wp-content\/uploads\/2017\/10\/DSC04593.jpg 1000w\" sizes=\"(max-width: 300px) 100vw, 300px\" \/><\/a>\n\t\t\t<\/dt><\/dl>\n\t\t\t<br style='clear: both' \/>\n\t\t<\/div>\n\n","protected":false},"excerpt":{"rendered":"<p>En el nivel Prekinder de nuestra escuela, la educadora Graciela Toro gui\u00f3 a los ni\u00f1os para realizar un proyecto musical. Se trata de la elaboraci\u00f3n de un instrumento llamado la tormenta, el que tuvo por objetivo potenciar la motricidad fina de los alumnos. Este trabajo lo desarrollaron en en el \u00e1rea de Formaci\u00f3n Personal y [&hellip;]<\/p>\n","protected":false},"author":2,"featured_media":3519,"comment_status":"open","ping_status":"open","sticky":false,"template":"","format":"standard","meta":[],"categories":[4],"tags":[72,56,7,69,46,80],"_links":{"self":[{"href":"https:\/\/escuelanidodecisnes.cl\/web\/index.php\/wp-json\/wp\/v2\/posts\/3514"}],"collection":[{"href":"https:\/\/escuelanidodecisnes.cl\/web\/index.php\/wp-json\/wp\/v2\/posts"}],"about":[{"href":"https:\/\/escuelanidodecisnes.cl\/web\/index.php\/wp-json\/wp\/v2\/types\/post"}],"author":[{"embeddable":true,"href":"https:\/\/escuelanidodecisnes.cl\/web\/index.php\/wp-json\/wp\/v2\/users\/2"}],"replies":[{"embeddable":true,"href":"https:\/\/escuelanidodecisnes.cl\/web\/index.php\/wp-json\/wp\/v2\/comments?post=3514"}],"version-history":[{"count":1,"href":"https:\/\/escuelanidodecisnes.cl\/web\/index.php\/wp-json\/wp\/v2\/posts\/3514\/revisions"}],"predecessor-version":[{"id":3523,"href":"https:\/\/escuelanidodecisnes.cl\/web\/index.php\/wp-json\/wp\/v2\/posts\/3514\/revisions\/3523"}],"wp:featuredmedia":[{"embeddable":true,"href":"https:\/\/escuelanidodecisnes.cl\/web\/index.php\/wp-json\/wp\/v2\/media\/3519"}],"wp:attachment":[{"href":"https:\/\/escuelanidodecisnes.cl\/web\/index.php\/wp-json\/wp\/v2\/media?parent=3514"}],"wp:term":[{"taxonomy":"category","embeddable":true,"href":"https:\/\/escuelanidodecisnes.cl\/web\/index.php\/wp-json\/wp\/v2\/categories?post=3514"},{"taxonomy":"post_tag","embeddable":true,"href":"https:\/\/escuelanidodecisnes.cl\/web\/index.php\/wp-json\/wp\/v2\/tags?post=3514"}],"curies":[{"name":"wp","href":"https:\/\/api.w.org\/{rel}","templated":true}]}}