{"id":2538,"date":"2017-06-02T16:43:11","date_gmt":"2017-06-02T19:43:11","guid":{"rendered":"http:\/\/escuelanidodecisnes.cl\/web\/?p=2538"},"modified":"2017-06-02T16:43:11","modified_gmt":"2017-06-02T19:43:11","slug":"trabajando-la-motricidad-fina","status":"publish","type":"post","link":"https:\/\/escuelanidodecisnes.cl\/web\/index.php\/2017\/06\/02\/trabajando-la-motricidad-fina\/","title":{"rendered":"Trabajando la motricidad fina"},"content":{"rendered":"<p class=\"Standard\"><span style=\"font-size: 16.0pt;\">La educadora de p\u00e1rvulos, Graciela Toro, con el nivel prekinder elaboraron t\u00edteres, actividad que tuvo muy entretenidos a los ni\u00f1os y ni\u00f1as del curso. Realizar actividades de este tipo es muy importante para el crecimiento de los alumnos, porque a trav\u00e9s de las manualidades desarrollan su motricidad fina y concentraci\u00f3n, as\u00ed lo explic\u00f3 la t\u00eda, adem\u00e1s que los ni\u00f1os lo pasaron muy bien concretando la actividad. Los materiales que utilizaron fueron calcetines, guantes, agujas, hilo, ojos locos, lana, cartulina y goma eva.<\/span><\/p>\n<p class=\"Standard\"><span style=\"font-size: 16.0pt;\">\u00a0<\/span><\/p>\n<p class=\"Standard\"><strong><em><span style=\"font-size: 16pt;\">Por Michael Maldonado y Angelo Tellez<\/span><\/em><\/strong><\/p>\n<p class=\"Standard\"><strong><em><span style=\"font-size: 16pt;\">Reporteros escolares \/ Taller Periodismo<\/span><\/em><\/strong><\/p>\n\n\t\t<style type=\"text\/css\">\n\t\t\t#gallery-1 {\n\t\t\t\tmargin: auto;\n\t\t\t}\n\t\t\t#gallery-1 .gallery-item {\n\t\t\t\tfloat: left;\n\t\t\t\tmargin-top: 10px;\n\t\t\t\ttext-align: center;\n\t\t\t\twidth: 33%;\n\t\t\t}\n\t\t\t#gallery-1 img {\n\t\t\t\tborder: 2px solid #cfcfcf;\n\t\t\t}\n\t\t\t#gallery-1 .gallery-caption {\n\t\t\t\tmargin-left: 0;\n\t\t\t}\n\t\t\t\/* see gallery_shortcode() in wp-includes\/media.php *\/\n\t\t<\/style>\n\t\t<div id='gallery-1' class='gallery galleryid-2538 gallery-columns-3 gallery-size-medium'><dl class='gallery-item'>\n\t\t\t<dt class='gallery-icon landscape'>\n\t\t\t\t<a href='https:\/\/escuelanidodecisnes.cl\/web\/wp-content\/uploads\/2017\/06\/unnamed2.jpg'><img width=\"300\" height=\"206\" src=\"https:\/\/escuelanidodecisnes.cl\/web\/wp-content\/uploads\/2017\/06\/unnamed2-300x206.jpg\" class=\"attachment-medium size-medium\" alt=\"\" loading=\"lazy\" srcset=\"https:\/\/escuelanidodecisnes.cl\/web\/wp-content\/uploads\/2017\/06\/unnamed2-300x206.jpg 300w, https:\/\/escuelanidodecisnes.cl\/web\/wp-content\/uploads\/2017\/06\/unnamed2.jpg 579w\" sizes=\"(max-width: 300px) 100vw, 300px\" \/><\/a>\n\t\t\t<\/dt><\/dl><dl class='gallery-item'>\n\t\t\t<dt class='gallery-icon landscape'>\n\t\t\t\t<a href='https:\/\/escuelanidodecisnes.cl\/web\/wp-content\/uploads\/2017\/06\/unnamed3.jpg'><img width=\"300\" height=\"207\" src=\"https:\/\/escuelanidodecisnes.cl\/web\/wp-content\/uploads\/2017\/06\/unnamed3-300x207.jpg\" class=\"attachment-medium size-medium\" alt=\"\" loading=\"lazy\" srcset=\"https:\/\/escuelanidodecisnes.cl\/web\/wp-content\/uploads\/2017\/06\/unnamed3-300x207.jpg 300w, https:\/\/escuelanidodecisnes.cl\/web\/wp-content\/uploads\/2017\/06\/unnamed3.jpg 649w\" sizes=\"(max-width: 300px) 100vw, 300px\" \/><\/a>\n\t\t\t<\/dt><\/dl><dl class='gallery-item'>\n\t\t\t<dt class='gallery-icon landscape'>\n\t\t\t\t<a href='https:\/\/escuelanidodecisnes.cl\/web\/wp-content\/uploads\/2017\/06\/unnamed.jpg'><img width=\"300\" height=\"154\" src=\"https:\/\/escuelanidodecisnes.cl\/web\/wp-content\/uploads\/2017\/06\/unnamed-300x154.jpg\" class=\"attachment-medium size-medium\" alt=\"\" loading=\"lazy\" srcset=\"https:\/\/escuelanidodecisnes.cl\/web\/wp-content\/uploads\/2017\/06\/unnamed-300x154.jpg 300w, https:\/\/escuelanidodecisnes.cl\/web\/wp-content\/uploads\/2017\/06\/unnamed.jpg 598w\" sizes=\"(max-width: 300px) 100vw, 300px\" \/><\/a>\n\t\t\t<\/dt><\/dl><br style=\"clear: both\" \/>\n\t\t<\/div>\n\n","protected":false},"excerpt":{"rendered":"<p>La educadora de p\u00e1rvulos, Graciela Toro, con el nivel prekinder elaboraron t\u00edteres, actividad que tuvo muy entretenidos a los ni\u00f1os y ni\u00f1as del curso. Realizar actividades de este tipo es muy importante para el crecimiento de los alumnos, porque a trav\u00e9s de las manualidades desarrollan su motricidad fina y concentraci\u00f3n, as\u00ed lo explic\u00f3 la t\u00eda, [&hellip;]<\/p>\n","protected":false},"author":2,"featured_media":2541,"comment_status":"open","ping_status":"open","sticky":false,"template":"","format":"standard","meta":[],"categories":[4],"tags":[72,7,89,80],"_links":{"self":[{"href":"https:\/\/escuelanidodecisnes.cl\/web\/index.php\/wp-json\/wp\/v2\/posts\/2538"}],"collection":[{"href":"https:\/\/escuelanidodecisnes.cl\/web\/index.php\/wp-json\/wp\/v2\/posts"}],"about":[{"href":"https:\/\/escuelanidodecisnes.cl\/web\/index.php\/wp-json\/wp\/v2\/types\/post"}],"author":[{"embeddable":true,"href":"https:\/\/escuelanidodecisnes.cl\/web\/index.php\/wp-json\/wp\/v2\/users\/2"}],"replies":[{"embeddable":true,"href":"https:\/\/escuelanidodecisnes.cl\/web\/index.php\/wp-json\/wp\/v2\/comments?post=2538"}],"version-history":[{"count":1,"href":"https:\/\/escuelanidodecisnes.cl\/web\/index.php\/wp-json\/wp\/v2\/posts\/2538\/revisions"}],"predecessor-version":[{"id":2542,"href":"https:\/\/escuelanidodecisnes.cl\/web\/index.php\/wp-json\/wp\/v2\/posts\/2538\/revisions\/2542"}],"wp:featuredmedia":[{"embeddable":true,"href":"https:\/\/escuelanidodecisnes.cl\/web\/index.php\/wp-json\/wp\/v2\/media\/2541"}],"wp:attachment":[{"href":"https:\/\/escuelanidodecisnes.cl\/web\/index.php\/wp-json\/wp\/v2\/media?parent=2538"}],"wp:term":[{"taxonomy":"category","embeddable":true,"href":"https:\/\/escuelanidodecisnes.cl\/web\/index.php\/wp-json\/wp\/v2\/categories?post=2538"},{"taxonomy":"post_tag","embeddable":true,"href":"https:\/\/escuelanidodecisnes.cl\/web\/index.php\/wp-json\/wp\/v2\/tags?post=2538"}],"curies":[{"name":"wp","href":"https:\/\/api.w.org\/{rel}","templated":true}]}}