{"id":2533,"date":"2017-06-02T16:37:49","date_gmt":"2017-06-02T19:37:49","guid":{"rendered":"http:\/\/escuelanidodecisnes.cl\/web\/?p=2533"},"modified":"2017-06-02T16:37:49","modified_gmt":"2017-06-02T19:37:49","slug":"profesora-en-practica-apoya-las-clases","status":"publish","type":"post","link":"https:\/\/escuelanidodecisnes.cl\/web\/index.php\/2017\/06\/02\/profesora-en-practica-apoya-las-clases\/","title":{"rendered":"Profesora en pr\u00e1ctica apoya las clases"},"content":{"rendered":"<p>En el mes de marzo lleg\u00f3 hasta nuestra escuela la t\u00eda Paulina Olivares, quien est\u00e1 haciendo su pr\u00e1ctica de Pedagog\u00eda en Educaci\u00f3n F\u00edsica, y estar\u00e1 con nosotros durante todo el primer semestre. La t\u00eda Paulina, es de la ciudad de Arica y se vino a Chilo\u00e9, porque conoc\u00eda de antes la zona y le gustaba mucho. Ella estudi\u00f3 en la Universidad de Tarapac\u00e1 y escogi\u00f3 esta carrera porque siempre le gust\u00f3 el ejercicio y la actividad f\u00edsica.<\/p>\n<p>\u201cHa sido una experiencia muy linda trabajar en el Nido de Cisnes. Los ni\u00f1os son alegres, cari\u00f1osos y participativos, muy diferentes a otros con los que hab\u00eda trabajado anteriormente\u201d, se\u00f1al\u00f3 la t\u00eda.<\/p>\n<p><strong><em>Por Mat\u00edas Barrientos y Angelo Tellez<\/em><\/strong><\/p>\n<p><strong><em>Reporteros escolares \/ Taller Periodismo<\/em><\/strong><\/p>\n\n\t\t<style type=\"text\/css\">\n\t\t\t#gallery-1 {\n\t\t\t\tmargin: auto;\n\t\t\t}\n\t\t\t#gallery-1 .gallery-item {\n\t\t\t\tfloat: left;\n\t\t\t\tmargin-top: 10px;\n\t\t\t\ttext-align: center;\n\t\t\t\twidth: 33%;\n\t\t\t}\n\t\t\t#gallery-1 img {\n\t\t\t\tborder: 2px solid #cfcfcf;\n\t\t\t}\n\t\t\t#gallery-1 .gallery-caption {\n\t\t\t\tmargin-left: 0;\n\t\t\t}\n\t\t\t\/* see gallery_shortcode() in wp-includes\/media.php *\/\n\t\t<\/style>\n\t\t<div id='gallery-1' class='gallery galleryid-2533 gallery-columns-3 gallery-size-medium'><dl class='gallery-item'>\n\t\t\t<dt class='gallery-icon landscape'>\n\t\t\t\t<a href='https:\/\/escuelanidodecisnes.cl\/web\/wp-content\/uploads\/2017\/06\/IMG_5888.jpg'><img width=\"300\" height=\"201\" src=\"https:\/\/escuelanidodecisnes.cl\/web\/wp-content\/uploads\/2017\/06\/IMG_5888-300x201.jpg\" class=\"attachment-medium size-medium\" alt=\"\" loading=\"lazy\" srcset=\"https:\/\/escuelanidodecisnes.cl\/web\/wp-content\/uploads\/2017\/06\/IMG_5888-300x201.jpg 300w, https:\/\/escuelanidodecisnes.cl\/web\/wp-content\/uploads\/2017\/06\/IMG_5888-1024x687.jpg 1024w, https:\/\/escuelanidodecisnes.cl\/web\/wp-content\/uploads\/2017\/06\/IMG_5888.jpg 1500w\" sizes=\"(max-width: 300px) 100vw, 300px\" \/><\/a>\n\t\t\t<\/dt><\/dl><dl class='gallery-item'>\n\t\t\t<dt class='gallery-icon landscape'>\n\t\t\t\t<a href='https:\/\/escuelanidodecisnes.cl\/web\/wp-content\/uploads\/2017\/06\/unnamed10.jpg'><img width=\"300\" height=\"211\" src=\"https:\/\/escuelanidodecisnes.cl\/web\/wp-content\/uploads\/2017\/06\/unnamed10-300x211.jpg\" class=\"attachment-medium size-medium\" alt=\"\" loading=\"lazy\" srcset=\"https:\/\/escuelanidodecisnes.cl\/web\/wp-content\/uploads\/2017\/06\/unnamed10-300x211.jpg 300w, https:\/\/escuelanidodecisnes.cl\/web\/wp-content\/uploads\/2017\/06\/unnamed10.jpg 631w\" sizes=\"(max-width: 300px) 100vw, 300px\" \/><\/a>\n\t\t\t<\/dt><\/dl><dl class='gallery-item'>\n\t\t\t<dt class='gallery-icon landscape'>\n\t\t\t\t<a href='https:\/\/escuelanidodecisnes.cl\/web\/wp-content\/uploads\/2017\/06\/unnamed11.jpg'><img width=\"300\" height=\"209\" src=\"https:\/\/escuelanidodecisnes.cl\/web\/wp-content\/uploads\/2017\/06\/unnamed11-300x209.jpg\" class=\"attachment-medium size-medium\" alt=\"\" loading=\"lazy\" srcset=\"https:\/\/escuelanidodecisnes.cl\/web\/wp-content\/uploads\/2017\/06\/unnamed11-300x209.jpg 300w, https:\/\/escuelanidodecisnes.cl\/web\/wp-content\/uploads\/2017\/06\/unnamed11.jpg 609w\" sizes=\"(max-width: 300px) 100vw, 300px\" \/><\/a>\n\t\t\t<\/dt><\/dl><br style=\"clear: both\" \/>\n\t\t<\/div>\n\n","protected":false},"excerpt":{"rendered":"<p>En el mes de marzo lleg\u00f3 hasta nuestra escuela la t\u00eda Paulina Olivares, quien est\u00e1 haciendo su pr\u00e1ctica de Pedagog\u00eda en Educaci\u00f3n F\u00edsica, y estar\u00e1 con nosotros durante todo el primer semestre. La t\u00eda Paulina, es de la ciudad de Arica y se vino a Chilo\u00e9, porque conoc\u00eda de antes la zona y le gustaba [&hellip;]<\/p>\n","protected":false},"author":2,"featured_media":2534,"comment_status":"open","ping_status":"open","sticky":false,"template":"","format":"standard","meta":[],"categories":[4],"tags":[85,7,5],"_links":{"self":[{"href":"https:\/\/escuelanidodecisnes.cl\/web\/index.php\/wp-json\/wp\/v2\/posts\/2533"}],"collection":[{"href":"https:\/\/escuelanidodecisnes.cl\/web\/index.php\/wp-json\/wp\/v2\/posts"}],"about":[{"href":"https:\/\/escuelanidodecisnes.cl\/web\/index.php\/wp-json\/wp\/v2\/types\/post"}],"author":[{"embeddable":true,"href":"https:\/\/escuelanidodecisnes.cl\/web\/index.php\/wp-json\/wp\/v2\/users\/2"}],"replies":[{"embeddable":true,"href":"https:\/\/escuelanidodecisnes.cl\/web\/index.php\/wp-json\/wp\/v2\/comments?post=2533"}],"version-history":[{"count":1,"href":"https:\/\/escuelanidodecisnes.cl\/web\/index.php\/wp-json\/wp\/v2\/posts\/2533\/revisions"}],"predecessor-version":[{"id":2537,"href":"https:\/\/escuelanidodecisnes.cl\/web\/index.php\/wp-json\/wp\/v2\/posts\/2533\/revisions\/2537"}],"wp:featuredmedia":[{"embeddable":true,"href":"https:\/\/escuelanidodecisnes.cl\/web\/index.php\/wp-json\/wp\/v2\/media\/2534"}],"wp:attachment":[{"href":"https:\/\/escuelanidodecisnes.cl\/web\/index.php\/wp-json\/wp\/v2\/media?parent=2533"}],"wp:term":[{"taxonomy":"category","embeddable":true,"href":"https:\/\/escuelanidodecisnes.cl\/web\/index.php\/wp-json\/wp\/v2\/categories?post=2533"},{"taxonomy":"post_tag","embeddable":true,"href":"https:\/\/escuelanidodecisnes.cl\/web\/index.php\/wp-json\/wp\/v2\/tags?post=2533"}],"curies":[{"name":"wp","href":"https:\/\/api.w.org\/{rel}","templated":true}]}}