{"id":2360,"date":"2017-05-10T22:21:39","date_gmt":"2017-05-11T01:21:39","guid":{"rendered":"http:\/\/escuelanidodecisnes.cl\/web\/?p=2360"},"modified":"2017-05-10T22:21:39","modified_gmt":"2017-05-11T01:21:39","slug":"regalos-con-sentido","status":"publish","type":"post","link":"https:\/\/escuelanidodecisnes.cl\/web\/index.php\/2017\/05\/10\/regalos-con-sentido\/","title":{"rendered":"Regalos con sentido"},"content":{"rendered":"<p><img loading=\"lazy\" class=\"alignleft wp-image-2361 size-medium\" style=\"border: 1px solid #800000;\" src=\"http:\/\/escuelanidodecisnes.cl\/web\/wp-content\/uploads\/2017\/05\/IMG_5936-300x225.jpg\" alt=\"IMG_5936\" width=\"300\" height=\"225\" srcset=\"https:\/\/escuelanidodecisnes.cl\/web\/wp-content\/uploads\/2017\/05\/IMG_5936-300x225.jpg 300w, https:\/\/escuelanidodecisnes.cl\/web\/wp-content\/uploads\/2017\/05\/IMG_5936.jpg 1000w\" sizes=\"(max-width: 300px) 100vw, 300px\" \/>Preparar un regalo con sentido fue el objetivo de un proyecto realizado en la asignatura de Artes Visuales del 8\u00b0 b\u00e1sico de la escuela Nido de Cisnes. Se trat\u00f3 de un obsequio para el D\u00eda de las Mam\u00e1s, que fuera elaborado con nuestras propias manos y con materiales reciclados. La t\u00eda Jacqueline Ampuero fue la encargada de dirigir esta iniciativa y cont\u00f3 que los alumnos fueron muy participativos y entusiastas para fabricar este regalo que es una mandala, que se hace con un CD en desuso y pintura acr\u00edlica para vidrio, de este modo se transforma en un objeto decorativo. \u201cLa idea fue darle un bonito uso a algo que era un desecho y adem\u00e1s, a trav\u00e9s de la mandala, entregarle protecci\u00f3n a sus mam\u00e1s\u201d, dijo la t\u00eda Jacqueline.<\/p>\n<p><strong><em>Por \u00c1ngelo T\u00e9llez, Mat\u00edas Barrientos y Michael Maldonado<\/em><\/strong><\/p>\n<p><strong><em>(Reporteros escolares \/ Taller Periodismo)<\/em><\/strong><\/p>\n","protected":false},"excerpt":{"rendered":"<p>Preparar un regalo con sentido fue el objetivo de un proyecto realizado en la asignatura de Artes Visuales del 8\u00b0 b\u00e1sico de la escuela Nido de Cisnes. Se trat\u00f3 de un obsequio para el D\u00eda de las Mam\u00e1s, que fuera elaborado con nuestras propias manos y con materiales reciclados. La t\u00eda Jacqueline Ampuero fue la [&hellip;]<\/p>\n","protected":false},"author":2,"featured_media":2361,"comment_status":"open","ping_status":"open","sticky":false,"template":"","format":"standard","meta":[],"categories":[4],"tags":[83,7,35],"_links":{"self":[{"href":"https:\/\/escuelanidodecisnes.cl\/web\/index.php\/wp-json\/wp\/v2\/posts\/2360"}],"collection":[{"href":"https:\/\/escuelanidodecisnes.cl\/web\/index.php\/wp-json\/wp\/v2\/posts"}],"about":[{"href":"https:\/\/escuelanidodecisnes.cl\/web\/index.php\/wp-json\/wp\/v2\/types\/post"}],"author":[{"embeddable":true,"href":"https:\/\/escuelanidodecisnes.cl\/web\/index.php\/wp-json\/wp\/v2\/users\/2"}],"replies":[{"embeddable":true,"href":"https:\/\/escuelanidodecisnes.cl\/web\/index.php\/wp-json\/wp\/v2\/comments?post=2360"}],"version-history":[{"count":1,"href":"https:\/\/escuelanidodecisnes.cl\/web\/index.php\/wp-json\/wp\/v2\/posts\/2360\/revisions"}],"predecessor-version":[{"id":2362,"href":"https:\/\/escuelanidodecisnes.cl\/web\/index.php\/wp-json\/wp\/v2\/posts\/2360\/revisions\/2362"}],"wp:featuredmedia":[{"embeddable":true,"href":"https:\/\/escuelanidodecisnes.cl\/web\/index.php\/wp-json\/wp\/v2\/media\/2361"}],"wp:attachment":[{"href":"https:\/\/escuelanidodecisnes.cl\/web\/index.php\/wp-json\/wp\/v2\/media?parent=2360"}],"wp:term":[{"taxonomy":"category","embeddable":true,"href":"https:\/\/escuelanidodecisnes.cl\/web\/index.php\/wp-json\/wp\/v2\/categories?post=2360"},{"taxonomy":"post_tag","embeddable":true,"href":"https:\/\/escuelanidodecisnes.cl\/web\/index.php\/wp-json\/wp\/v2\/tags?post=2360"}],"curies":[{"name":"wp","href":"https:\/\/api.w.org\/{rel}","templated":true}]}}