{"id":13143,"date":"2026-04-27T00:57:11","date_gmt":"2026-04-27T03:57:11","guid":{"rendered":"http:\/\/escuelanidodecisnes.cl\/web\/?p=13143"},"modified":"2026-04-27T00:57:11","modified_gmt":"2026-04-27T03:57:11","slug":"celebran-99-anos-de-carabineros","status":"publish","type":"post","link":"https:\/\/escuelanidodecisnes.cl\/web\/index.php\/2026\/04\/27\/celebran-99-anos-de-carabineros\/","title":{"rendered":"Celebran 99 a\u00f1os de Carabineros"},"content":{"rendered":"\n<p>En nuestro colegio, los cursos PreKinder y Kinder, realizaron una linda ceremonia para conmemorar el 27 de Abril, D\u00eda del Carabinero. Esto se gestion\u00f3 a trav\u00e9s un familiar de una funcionaria de Carabineros de Dalcahue y es as\u00ed que llegaron hasta el establecimiento la Cabo 1\u00b0 Daniela Mart\u00ednez y la Cabo 1\u00b0 Sonia Quij\u00f3n, a un acto en que los m\u00e1s peque\u00f1itos las felicitaron por su labor y por el cumplea\u00f1os 99 de la instituci\u00f3n. Los ni\u00f1os recibieron a las carabineras recitando poes\u00edas, cantando el feliz cumplea\u00f1os y desfilando. Tambi\u00e9n hicieron entrega de unos presentes elaborados por los mismos ni\u00f1os, as\u00ed como un cuadro de recuerdo.<\/p>\n<p>Las t\u00edas educadoras se\u00f1alaron que esta actividad consisti\u00f3 en reconocer la labor que hacen los carabineros y ense\u00f1arles a los ni\u00f1os y ni\u00f1as la importancia de la instituci\u00f3n.<\/p>\n<p><em><strong>Periodistas:<\/strong><\/em><\/p>\n<p><em><strong>Samirha Ampuero, Evelyn Caico y Jasm\u00edn Villaroel<\/strong><\/em><\/p>\n\n\t\t<style type=\"text\/css\">\n\t\t\t#gallery-1 {\n\t\t\t\tmargin: auto;\n\t\t\t}\n\t\t\t#gallery-1 .gallery-item {\n\t\t\t\tfloat: left;\n\t\t\t\tmargin-top: 10px;\n\t\t\t\ttext-align: center;\n\t\t\t\twidth: 33%;\n\t\t\t}\n\t\t\t#gallery-1 img {\n\t\t\t\tborder: 2px solid #cfcfcf;\n\t\t\t}\n\t\t\t#gallery-1 .gallery-caption {\n\t\t\t\tmargin-left: 0;\n\t\t\t}\n\t\t\t\/* see gallery_shortcode() in wp-includes\/media.php *\/\n\t\t<\/style>\n\t\t<div id='gallery-1' class='gallery galleryid-13143 gallery-columns-3 gallery-size-medium'><dl class='gallery-item'>\n\t\t\t<dt class='gallery-icon portrait'>\n\t\t\t\t<a href='https:\/\/escuelanidodecisnes.cl\/web\/wp-content\/uploads\/2026\/04\/IMG-20260424-WA0132.jpg'><img width=\"225\" height=\"300\" src=\"https:\/\/escuelanidodecisnes.cl\/web\/wp-content\/uploads\/2026\/04\/IMG-20260424-WA0132-225x300.jpg\" class=\"attachment-medium size-medium\" alt=\"\" loading=\"lazy\" srcset=\"https:\/\/escuelanidodecisnes.cl\/web\/wp-content\/uploads\/2026\/04\/IMG-20260424-WA0132-225x300.jpg 225w, https:\/\/escuelanidodecisnes.cl\/web\/wp-content\/uploads\/2026\/04\/IMG-20260424-WA0132-768x1024.jpg 768w, https:\/\/escuelanidodecisnes.cl\/web\/wp-content\/uploads\/2026\/04\/IMG-20260424-WA0132-1152x1536.jpg 1152w, https:\/\/escuelanidodecisnes.cl\/web\/wp-content\/uploads\/2026\/04\/IMG-20260424-WA0132.jpg 1200w\" sizes=\"(max-width: 225px) 100vw, 225px\" \/><\/a>\n\t\t\t<\/dt><\/dl><dl class='gallery-item'>\n\t\t\t<dt class='gallery-icon portrait'>\n\t\t\t\t<a href='https:\/\/escuelanidodecisnes.cl\/web\/wp-content\/uploads\/2026\/04\/IMG-20260424-WA0125.jpg'><img width=\"225\" height=\"300\" src=\"https:\/\/escuelanidodecisnes.cl\/web\/wp-content\/uploads\/2026\/04\/IMG-20260424-WA0125-225x300.jpg\" class=\"attachment-medium size-medium\" alt=\"\" loading=\"lazy\" srcset=\"https:\/\/escuelanidodecisnes.cl\/web\/wp-content\/uploads\/2026\/04\/IMG-20260424-WA0125-225x300.jpg 225w, https:\/\/escuelanidodecisnes.cl\/web\/wp-content\/uploads\/2026\/04\/IMG-20260424-WA0125-768x1024.jpg 768w, https:\/\/escuelanidodecisnes.cl\/web\/wp-content\/uploads\/2026\/04\/IMG-20260424-WA0125-1152x1536.jpg 1152w, https:\/\/escuelanidodecisnes.cl\/web\/wp-content\/uploads\/2026\/04\/IMG-20260424-WA0125.jpg 1200w\" sizes=\"(max-width: 225px) 100vw, 225px\" \/><\/a>\n\t\t\t<\/dt><\/dl><dl class='gallery-item'>\n\t\t\t<dt class='gallery-icon portrait'>\n\t\t\t\t<a href='https:\/\/escuelanidodecisnes.cl\/web\/wp-content\/uploads\/2026\/04\/IMG-20260424-WA0134.jpg'><img width=\"225\" height=\"300\" src=\"https:\/\/escuelanidodecisnes.cl\/web\/wp-content\/uploads\/2026\/04\/IMG-20260424-WA0134-225x300.jpg\" class=\"attachment-medium size-medium\" alt=\"\" loading=\"lazy\" srcset=\"https:\/\/escuelanidodecisnes.cl\/web\/wp-content\/uploads\/2026\/04\/IMG-20260424-WA0134-225x300.jpg 225w, https:\/\/escuelanidodecisnes.cl\/web\/wp-content\/uploads\/2026\/04\/IMG-20260424-WA0134-768x1024.jpg 768w, https:\/\/escuelanidodecisnes.cl\/web\/wp-content\/uploads\/2026\/04\/IMG-20260424-WA0134-1152x1536.jpg 1152w, https:\/\/escuelanidodecisnes.cl\/web\/wp-content\/uploads\/2026\/04\/IMG-20260424-WA0134.jpg 1200w\" sizes=\"(max-width: 225px) 100vw, 225px\" \/><\/a>\n\t\t\t<\/dt><\/dl><br style=\"clear: both\" \/><dl class='gallery-item'>\n\t\t\t<dt class='gallery-icon landscape'>\n\t\t\t\t<a href='https:\/\/escuelanidodecisnes.cl\/web\/wp-content\/uploads\/2026\/04\/IMG-20260424-WA0148.jpg'><img width=\"300\" height=\"225\" src=\"https:\/\/escuelanidodecisnes.cl\/web\/wp-content\/uploads\/2026\/04\/IMG-20260424-WA0148-300x225.jpg\" class=\"attachment-medium size-medium\" alt=\"\" loading=\"lazy\" srcset=\"https:\/\/escuelanidodecisnes.cl\/web\/wp-content\/uploads\/2026\/04\/IMG-20260424-WA0148-300x225.jpg 300w, https:\/\/escuelanidodecisnes.cl\/web\/wp-content\/uploads\/2026\/04\/IMG-20260424-WA0148-1024x768.jpg 1024w, https:\/\/escuelanidodecisnes.cl\/web\/wp-content\/uploads\/2026\/04\/IMG-20260424-WA0148-1536x1152.jpg 1536w, https:\/\/escuelanidodecisnes.cl\/web\/wp-content\/uploads\/2026\/04\/IMG-20260424-WA0148.jpg 1600w\" sizes=\"(max-width: 300px) 100vw, 300px\" \/><\/a>\n\t\t\t<\/dt><\/dl><dl class='gallery-item'>\n\t\t\t<dt class='gallery-icon portrait'>\n\t\t\t\t<a href='https:\/\/escuelanidodecisnes.cl\/web\/wp-content\/uploads\/2026\/04\/IMG-20260424-WA0131.jpg'><img width=\"225\" height=\"300\" src=\"https:\/\/escuelanidodecisnes.cl\/web\/wp-content\/uploads\/2026\/04\/IMG-20260424-WA0131-225x300.jpg\" class=\"attachment-medium size-medium\" alt=\"\" loading=\"lazy\" srcset=\"https:\/\/escuelanidodecisnes.cl\/web\/wp-content\/uploads\/2026\/04\/IMG-20260424-WA0131-225x300.jpg 225w, https:\/\/escuelanidodecisnes.cl\/web\/wp-content\/uploads\/2026\/04\/IMG-20260424-WA0131-768x1024.jpg 768w, https:\/\/escuelanidodecisnes.cl\/web\/wp-content\/uploads\/2026\/04\/IMG-20260424-WA0131-1152x1536.jpg 1152w, https:\/\/escuelanidodecisnes.cl\/web\/wp-content\/uploads\/2026\/04\/IMG-20260424-WA0131.jpg 1200w\" sizes=\"(max-width: 225px) 100vw, 225px\" \/><\/a>\n\t\t\t<\/dt><\/dl>\n\t\t\t<br style='clear: both' \/>\n\t\t<\/div>\n\n","protected":false},"excerpt":{"rendered":"<p>En nuestro colegio, los cursos PreKinder y Kinder, realizaron una linda ceremonia para conmemorar el 27 de Abril, D\u00eda del Carabinero. Esto se gestion\u00f3 a trav\u00e9s un familiar de una funcionaria de Carabineros de Dalcahue y es as\u00ed que llegaron hasta el establecimiento la Cabo 1\u00b0 Daniela Mart\u00ednez y la Cabo 1\u00b0 Sonia Quij\u00f3n, a [&hellip;]<\/p>\n","protected":false},"author":2,"featured_media":13149,"comment_status":"open","ping_status":"open","sticky":false,"template":"","format":"standard","meta":[],"categories":[4],"tags":[7,5],"_links":{"self":[{"href":"https:\/\/escuelanidodecisnes.cl\/web\/index.php\/wp-json\/wp\/v2\/posts\/13143"}],"collection":[{"href":"https:\/\/escuelanidodecisnes.cl\/web\/index.php\/wp-json\/wp\/v2\/posts"}],"about":[{"href":"https:\/\/escuelanidodecisnes.cl\/web\/index.php\/wp-json\/wp\/v2\/types\/post"}],"author":[{"embeddable":true,"href":"https:\/\/escuelanidodecisnes.cl\/web\/index.php\/wp-json\/wp\/v2\/users\/2"}],"replies":[{"embeddable":true,"href":"https:\/\/escuelanidodecisnes.cl\/web\/index.php\/wp-json\/wp\/v2\/comments?post=13143"}],"version-history":[{"count":1,"href":"https:\/\/escuelanidodecisnes.cl\/web\/index.php\/wp-json\/wp\/v2\/posts\/13143\/revisions"}],"predecessor-version":[{"id":13150,"href":"https:\/\/escuelanidodecisnes.cl\/web\/index.php\/wp-json\/wp\/v2\/posts\/13143\/revisions\/13150"}],"wp:featuredmedia":[{"embeddable":true,"href":"https:\/\/escuelanidodecisnes.cl\/web\/index.php\/wp-json\/wp\/v2\/media\/13149"}],"wp:attachment":[{"href":"https:\/\/escuelanidodecisnes.cl\/web\/index.php\/wp-json\/wp\/v2\/media?parent=13143"}],"wp:term":[{"taxonomy":"category","embeddable":true,"href":"https:\/\/escuelanidodecisnes.cl\/web\/index.php\/wp-json\/wp\/v2\/categories?post=13143"},{"taxonomy":"post_tag","embeddable":true,"href":"https:\/\/escuelanidodecisnes.cl\/web\/index.php\/wp-json\/wp\/v2\/tags?post=13143"}],"curies":[{"name":"wp","href":"https:\/\/api.w.org\/{rel}","templated":true}]}}