{"id":12172,"date":"2024-12-02T00:29:44","date_gmt":"2024-12-02T03:29:44","guid":{"rendered":"http:\/\/escuelanidodecisnes.cl\/web\/?p=12172"},"modified":"2024-12-02T00:29:44","modified_gmt":"2024-12-02T03:29:44","slug":"creatividad-frente-a-la-violencia","status":"publish","type":"post","link":"https:\/\/escuelanidodecisnes.cl\/web\/index.php\/2024\/12\/02\/creatividad-frente-a-la-violencia\/","title":{"rendered":"Creatividad frente a la violencia"},"content":{"rendered":"\n<p>Los estudiantes de 7\u00b0 B\u00e1sico del colegio realizaron un destacado trabajo en forma de collage, enfocado en la problem\u00e1tica de la violencia y las estrategias para prevenirla en la sociedad. Bajo la gu\u00eda de la profesora Josselyn Guerrero, los alumnos crearon representaciones visuales que reflejan los efectos negativos de la violencia y proponen soluciones para evitarla. El trabajo tiene como objetivo sensibilizar a la comunidad escolar sobre la importancia de construir entornos m\u00e1s seguros y solidarios para todos. Este trabajo busca invitar a reflexionar y sensibilizar ante el importante tema de la Violencia.<\/p>\n<p><em><strong>Sofia B\u00e1rcenas,Isidora S\u00e1nchez y Valentina S\u00e1nchez<\/strong><\/em><\/p>\n<p><em><strong>(Reporteras escolares \/ Taller Periodismo)<\/strong><\/em><\/p>\n<p><img loading=\"lazy\" class=\"alignnone size-medium wp-image-12173\" src=\"http:\/\/escuelanidodecisnes.cl\/web\/wp-content\/uploads\/2024\/12\/20241128_153149-225x300.jpg\" alt=\"\" width=\"225\" height=\"300\" srcset=\"https:\/\/escuelanidodecisnes.cl\/web\/wp-content\/uploads\/2024\/12\/20241128_153149-225x300.jpg 225w, https:\/\/escuelanidodecisnes.cl\/web\/wp-content\/uploads\/2024\/12\/20241128_153149-768x1024.jpg 768w, https:\/\/escuelanidodecisnes.cl\/web\/wp-content\/uploads\/2024\/12\/20241128_153149-1152x1536.jpg 1152w, https:\/\/escuelanidodecisnes.cl\/web\/wp-content\/uploads\/2024\/12\/20241128_153149-1536x2048.jpg 1536w, https:\/\/escuelanidodecisnes.cl\/web\/wp-content\/uploads\/2024\/12\/20241128_153149-scaled.jpg 1920w\" sizes=\"(max-width: 225px) 100vw, 225px\" \/> <img loading=\"lazy\" class=\"alignnone size-medium wp-image-12174\" src=\"http:\/\/escuelanidodecisnes.cl\/web\/wp-content\/uploads\/2024\/12\/20241128_153207-225x300.jpg\" alt=\"\" width=\"225\" height=\"300\" srcset=\"https:\/\/escuelanidodecisnes.cl\/web\/wp-content\/uploads\/2024\/12\/20241128_153207-225x300.jpg 225w, https:\/\/escuelanidodecisnes.cl\/web\/wp-content\/uploads\/2024\/12\/20241128_153207-768x1024.jpg 768w, https:\/\/escuelanidodecisnes.cl\/web\/wp-content\/uploads\/2024\/12\/20241128_153207-1152x1536.jpg 1152w, https:\/\/escuelanidodecisnes.cl\/web\/wp-content\/uploads\/2024\/12\/20241128_153207-1536x2048.jpg 1536w, https:\/\/escuelanidodecisnes.cl\/web\/wp-content\/uploads\/2024\/12\/20241128_153207-scaled.jpg 1920w\" sizes=\"(max-width: 225px) 100vw, 225px\" \/> <img loading=\"lazy\" class=\"alignnone size-medium wp-image-12175\" src=\"http:\/\/escuelanidodecisnes.cl\/web\/wp-content\/uploads\/2024\/12\/20241128_153244-300x225.jpg\" alt=\"\" width=\"300\" height=\"225\" srcset=\"https:\/\/escuelanidodecisnes.cl\/web\/wp-content\/uploads\/2024\/12\/20241128_153244-300x225.jpg 300w, https:\/\/escuelanidodecisnes.cl\/web\/wp-content\/uploads\/2024\/12\/20241128_153244-1024x768.jpg 1024w, https:\/\/escuelanidodecisnes.cl\/web\/wp-content\/uploads\/2024\/12\/20241128_153244-1536x1152.jpg 1536w, https:\/\/escuelanidodecisnes.cl\/web\/wp-content\/uploads\/2024\/12\/20241128_153244-2048x1536.jpg 2048w\" sizes=\"(max-width: 300px) 100vw, 300px\" \/> <img loading=\"lazy\" class=\"alignnone size-medium wp-image-12176\" src=\"http:\/\/escuelanidodecisnes.cl\/web\/wp-content\/uploads\/2024\/12\/20241128_153311-225x300.jpg\" alt=\"\" width=\"225\" height=\"300\" srcset=\"https:\/\/escuelanidodecisnes.cl\/web\/wp-content\/uploads\/2024\/12\/20241128_153311-225x300.jpg 225w, https:\/\/escuelanidodecisnes.cl\/web\/wp-content\/uploads\/2024\/12\/20241128_153311-768x1024.jpg 768w, https:\/\/escuelanidodecisnes.cl\/web\/wp-content\/uploads\/2024\/12\/20241128_153311-1152x1536.jpg 1152w, https:\/\/escuelanidodecisnes.cl\/web\/wp-content\/uploads\/2024\/12\/20241128_153311-1536x2048.jpg 1536w, https:\/\/escuelanidodecisnes.cl\/web\/wp-content\/uploads\/2024\/12\/20241128_153311-scaled.jpg 1920w\" sizes=\"(max-width: 225px) 100vw, 225px\" \/><\/p>\n","protected":false},"excerpt":{"rendered":"<p>Los estudiantes de 7\u00b0 B\u00e1sico del colegio realizaron un destacado trabajo en forma de collage, enfocado en la problem\u00e1tica de la violencia y las estrategias para prevenirla en la sociedad. Bajo la gu\u00eda de la profesora Josselyn Guerrero, los alumnos crearon representaciones visuales que reflejan los efectos negativos de la violencia y proponen soluciones para [&hellip;]<\/p>\n","protected":false},"author":2,"featured_media":12177,"comment_status":"open","ping_status":"open","sticky":false,"template":"","format":"standard","meta":[],"categories":[4],"tags":[72,56,7,89,5],"_links":{"self":[{"href":"https:\/\/escuelanidodecisnes.cl\/web\/index.php\/wp-json\/wp\/v2\/posts\/12172"}],"collection":[{"href":"https:\/\/escuelanidodecisnes.cl\/web\/index.php\/wp-json\/wp\/v2\/posts"}],"about":[{"href":"https:\/\/escuelanidodecisnes.cl\/web\/index.php\/wp-json\/wp\/v2\/types\/post"}],"author":[{"embeddable":true,"href":"https:\/\/escuelanidodecisnes.cl\/web\/index.php\/wp-json\/wp\/v2\/users\/2"}],"replies":[{"embeddable":true,"href":"https:\/\/escuelanidodecisnes.cl\/web\/index.php\/wp-json\/wp\/v2\/comments?post=12172"}],"version-history":[{"count":1,"href":"https:\/\/escuelanidodecisnes.cl\/web\/index.php\/wp-json\/wp\/v2\/posts\/12172\/revisions"}],"predecessor-version":[{"id":12178,"href":"https:\/\/escuelanidodecisnes.cl\/web\/index.php\/wp-json\/wp\/v2\/posts\/12172\/revisions\/12178"}],"wp:featuredmedia":[{"embeddable":true,"href":"https:\/\/escuelanidodecisnes.cl\/web\/index.php\/wp-json\/wp\/v2\/media\/12177"}],"wp:attachment":[{"href":"https:\/\/escuelanidodecisnes.cl\/web\/index.php\/wp-json\/wp\/v2\/media?parent=12172"}],"wp:term":[{"taxonomy":"category","embeddable":true,"href":"https:\/\/escuelanidodecisnes.cl\/web\/index.php\/wp-json\/wp\/v2\/categories?post=12172"},{"taxonomy":"post_tag","embeddable":true,"href":"https:\/\/escuelanidodecisnes.cl\/web\/index.php\/wp-json\/wp\/v2\/tags?post=12172"}],"curies":[{"name":"wp","href":"https:\/\/api.w.org\/{rel}","templated":true}]}}