{"id":11717,"date":"2024-05-14T11:27:30","date_gmt":"2024-05-14T14:27:30","guid":{"rendered":"http:\/\/escuelanidodecisnes.cl\/web\/?p=11717"},"modified":"2024-05-14T11:32:14","modified_gmt":"2024-05-14T14:32:14","slug":"zonaa-climaticas-del-mundo","status":"publish","type":"post","link":"https:\/\/escuelanidodecisnes.cl\/web\/index.php\/2024\/05\/14\/zonaa-climaticas-del-mundo\/","title":{"rendered":"Zonas clim\u00e1ticas del mundo"},"content":{"rendered":"\n<p>En el 3\u00b0 b\u00e1sico de nuestra escuela, en la asignatura de Ciencias Naturales se les dio a los ni\u00f1os la tarea de elaborar maquetas de las zonas clim\u00e1ticas con la profesora Daniela Mansilla.<\/p>\n<p>El prop\u00f3sito de esta actividad era hacer una maqueta, en la que los alumnos repasaran los contenidos de la unidad de \u201cUbicaci\u00f3n de las zonas clim\u00e1ticas\u201d y pudieran entenderlos mejor. Desde el punto de vista de la profesora los trabajos le gustaron y se demostr\u00f3 el esfuerzo que hay detr\u00e1s, adem\u00e1s le encant\u00f3 la actitud de los alumnos ya que lograron aprender mucho mejor la materia.<\/p>\n<p><strong><em>Por Mat\u00edas Soto y Franchesca P\u00e9rez<\/em><\/strong><\/p>\n<p><strong><em>(Reporteros escolares \/ Taller Periodismo)<\/em><\/strong><\/p>\n<p><img loading=\"lazy\" class=\"alignnone size-medium wp-image-11718\" src=\"http:\/\/escuelanidodecisnes.cl\/web\/wp-content\/uploads\/2024\/05\/IMG-20240509-WA0040-300x225.jpg\" alt=\"\" width=\"300\" height=\"225\" srcset=\"https:\/\/escuelanidodecisnes.cl\/web\/wp-content\/uploads\/2024\/05\/IMG-20240509-WA0040-300x225.jpg 300w, https:\/\/escuelanidodecisnes.cl\/web\/wp-content\/uploads\/2024\/05\/IMG-20240509-WA0040-1024x768.jpg 1024w, https:\/\/escuelanidodecisnes.cl\/web\/wp-content\/uploads\/2024\/05\/IMG-20240509-WA0040-1536x1152.jpg 1536w, https:\/\/escuelanidodecisnes.cl\/web\/wp-content\/uploads\/2024\/05\/IMG-20240509-WA0040.jpg 1600w\" sizes=\"(max-width: 300px) 100vw, 300px\" \/> <img loading=\"lazy\" class=\"alignnone size-medium wp-image-11719\" src=\"http:\/\/escuelanidodecisnes.cl\/web\/wp-content\/uploads\/2024\/05\/IMG-20240509-WA0041-282x300.jpg\" alt=\"\" width=\"282\" height=\"300\" srcset=\"https:\/\/escuelanidodecisnes.cl\/web\/wp-content\/uploads\/2024\/05\/IMG-20240509-WA0041-282x300.jpg 282w, https:\/\/escuelanidodecisnes.cl\/web\/wp-content\/uploads\/2024\/05\/IMG-20240509-WA0041-962x1024.jpg 962w, https:\/\/escuelanidodecisnes.cl\/web\/wp-content\/uploads\/2024\/05\/IMG-20240509-WA0041.jpg 1200w\" sizes=\"(max-width: 282px) 100vw, 282px\" \/> <img loading=\"lazy\" class=\"alignnone size-medium wp-image-11720\" src=\"http:\/\/escuelanidodecisnes.cl\/web\/wp-content\/uploads\/2024\/05\/IMG-20240509-WA0042-262x300.jpg\" alt=\"\" width=\"262\" height=\"300\" srcset=\"https:\/\/escuelanidodecisnes.cl\/web\/wp-content\/uploads\/2024\/05\/IMG-20240509-WA0042-262x300.jpg 262w, https:\/\/escuelanidodecisnes.cl\/web\/wp-content\/uploads\/2024\/05\/IMG-20240509-WA0042-896x1024.jpg 896w, https:\/\/escuelanidodecisnes.cl\/web\/wp-content\/uploads\/2024\/05\/IMG-20240509-WA0042.jpg 1200w\" sizes=\"(max-width: 262px) 100vw, 262px\" \/> <img loading=\"lazy\" class=\"alignnone size-medium wp-image-11721\" src=\"http:\/\/escuelanidodecisnes.cl\/web\/wp-content\/uploads\/2024\/05\/IMG-20240509-WA0043-300x298.jpg\" alt=\"\" width=\"300\" height=\"298\" srcset=\"https:\/\/escuelanidodecisnes.cl\/web\/wp-content\/uploads\/2024\/05\/IMG-20240509-WA0043-300x298.jpg 300w, https:\/\/escuelanidodecisnes.cl\/web\/wp-content\/uploads\/2024\/05\/IMG-20240509-WA0043-1024x1018.jpg 1024w, https:\/\/escuelanidodecisnes.cl\/web\/wp-content\/uploads\/2024\/05\/IMG-20240509-WA0043-150x150.jpg 150w, https:\/\/escuelanidodecisnes.cl\/web\/wp-content\/uploads\/2024\/05\/IMG-20240509-WA0043.jpg 1200w\" sizes=\"(max-width: 300px) 100vw, 300px\" \/> <img loading=\"lazy\" class=\"alignnone size-medium wp-image-11722\" src=\"http:\/\/escuelanidodecisnes.cl\/web\/wp-content\/uploads\/2024\/05\/IMG-20240509-WA0047-300x281.jpg\" alt=\"\" width=\"300\" height=\"281\" srcset=\"https:\/\/escuelanidodecisnes.cl\/web\/wp-content\/uploads\/2024\/05\/IMG-20240509-WA0047-300x281.jpg 300w, https:\/\/escuelanidodecisnes.cl\/web\/wp-content\/uploads\/2024\/05\/IMG-20240509-WA0047-1024x960.jpg 1024w, https:\/\/escuelanidodecisnes.cl\/web\/wp-content\/uploads\/2024\/05\/IMG-20240509-WA0047.jpg 1235w\" sizes=\"(max-width: 300px) 100vw, 300px\" \/> <img loading=\"lazy\" class=\"alignnone size-medium wp-image-11723\" src=\"http:\/\/escuelanidodecisnes.cl\/web\/wp-content\/uploads\/2024\/05\/IMG-20240509-WA0046-260x300.jpg\" alt=\"\" width=\"260\" height=\"300\" srcset=\"https:\/\/escuelanidodecisnes.cl\/web\/wp-content\/uploads\/2024\/05\/IMG-20240509-WA0046-260x300.jpg 260w, https:\/\/escuelanidodecisnes.cl\/web\/wp-content\/uploads\/2024\/05\/IMG-20240509-WA0046-889x1024.jpg 889w, https:\/\/escuelanidodecisnes.cl\/web\/wp-content\/uploads\/2024\/05\/IMG-20240509-WA0046.jpg 1045w\" sizes=\"(max-width: 260px) 100vw, 260px\" \/><\/p>\n<p>\u00a0<\/p>\n","protected":false},"excerpt":{"rendered":"<p>En el 3\u00b0 b\u00e1sico de nuestra escuela, en la asignatura de Ciencias Naturales se les dio a los ni\u00f1os la tarea de elaborar maquetas de las zonas clim\u00e1ticas con la profesora Daniela Mansilla. El prop\u00f3sito de esta actividad era hacer una maqueta, en la que los alumnos repasaran los contenidos de la unidad de \u201cUbicaci\u00f3n [&hellip;]<\/p>\n","protected":false},"author":2,"featured_media":11724,"comment_status":"open","ping_status":"open","sticky":false,"template":"","format":"standard","meta":[],"categories":[4],"tags":[72,47,7,89,5],"_links":{"self":[{"href":"https:\/\/escuelanidodecisnes.cl\/web\/index.php\/wp-json\/wp\/v2\/posts\/11717"}],"collection":[{"href":"https:\/\/escuelanidodecisnes.cl\/web\/index.php\/wp-json\/wp\/v2\/posts"}],"about":[{"href":"https:\/\/escuelanidodecisnes.cl\/web\/index.php\/wp-json\/wp\/v2\/types\/post"}],"author":[{"embeddable":true,"href":"https:\/\/escuelanidodecisnes.cl\/web\/index.php\/wp-json\/wp\/v2\/users\/2"}],"replies":[{"embeddable":true,"href":"https:\/\/escuelanidodecisnes.cl\/web\/index.php\/wp-json\/wp\/v2\/comments?post=11717"}],"version-history":[{"count":2,"href":"https:\/\/escuelanidodecisnes.cl\/web\/index.php\/wp-json\/wp\/v2\/posts\/11717\/revisions"}],"predecessor-version":[{"id":11726,"href":"https:\/\/escuelanidodecisnes.cl\/web\/index.php\/wp-json\/wp\/v2\/posts\/11717\/revisions\/11726"}],"wp:featuredmedia":[{"embeddable":true,"href":"https:\/\/escuelanidodecisnes.cl\/web\/index.php\/wp-json\/wp\/v2\/media\/11724"}],"wp:attachment":[{"href":"https:\/\/escuelanidodecisnes.cl\/web\/index.php\/wp-json\/wp\/v2\/media?parent=11717"}],"wp:term":[{"taxonomy":"category","embeddable":true,"href":"https:\/\/escuelanidodecisnes.cl\/web\/index.php\/wp-json\/wp\/v2\/categories?post=11717"},{"taxonomy":"post_tag","embeddable":true,"href":"https:\/\/escuelanidodecisnes.cl\/web\/index.php\/wp-json\/wp\/v2\/tags?post=11717"}],"curies":[{"name":"wp","href":"https:\/\/api.w.org\/{rel}","templated":true}]}}