{"id":11676,"date":"2024-04-29T00:28:06","date_gmt":"2024-04-29T03:28:06","guid":{"rendered":"http:\/\/escuelanidodecisnes.cl\/web\/?p=11676"},"modified":"2024-04-29T00:28:06","modified_gmt":"2024-04-29T03:28:06","slug":"mezclan-tecnicas-artisticas","status":"publish","type":"post","link":"https:\/\/escuelanidodecisnes.cl\/web\/index.php\/2024\/04\/29\/mezclan-tecnicas-artisticas\/","title":{"rendered":"Mezclan t\u00e9cnicas art\u00edsticas"},"content":{"rendered":"\n<p>En la escuela particular Nido de Cisnes los alumnos de Kinder realizaron una actividad en la materia de Artes Visuales con la t\u00eda Lorena, la cual consist\u00eda en crear dibujos mezclando l\u00e1pices de colores y t\u00e9mpera teniendo como inspiraci\u00f3n la portada de un libro infantil.<\/p>\n<p>Esta tarea se llev\u00f3 a cabo con el objetivo de usar diversas t\u00e9cnicas de pintura, y la profesora nos cuenta que qued\u00f3 impresionada con los resultados de los trabajos, ya que cada ni\u00f1o tuvo diferente perspectiva en torno a la misma portada de un libro.<\/p>\n<p>\u201cLos alumnos trabajaron con una actitud muy entretenida y participativa pues fue una actividad bastante din\u00e1mica\u201d, dijo la t\u00eda.<\/p>\n<p><strong><em>Por Lisset Ruiz y Abigail Ba\u00f1ados<\/em><\/strong><\/p>\n<p><strong><em>(Reporteras escolares \/ Taller Periodismo)<\/em><\/strong><\/p>\n<p><img loading=\"lazy\" class=\"alignnone size-medium wp-image-11677\" src=\"http:\/\/escuelanidodecisnes.cl\/web\/wp-content\/uploads\/2024\/04\/IMG-20240425-WA0036-300x225.jpg\" alt=\"\" width=\"300\" height=\"225\" srcset=\"https:\/\/escuelanidodecisnes.cl\/web\/wp-content\/uploads\/2024\/04\/IMG-20240425-WA0036-300x225.jpg 300w, https:\/\/escuelanidodecisnes.cl\/web\/wp-content\/uploads\/2024\/04\/IMG-20240425-WA0036-1024x768.jpg 1024w, https:\/\/escuelanidodecisnes.cl\/web\/wp-content\/uploads\/2024\/04\/IMG-20240425-WA0036-1536x1152.jpg 1536w, https:\/\/escuelanidodecisnes.cl\/web\/wp-content\/uploads\/2024\/04\/IMG-20240425-WA0036.jpg 1600w\" sizes=\"(max-width: 300px) 100vw, 300px\" \/> <img loading=\"lazy\" class=\"alignnone size-medium wp-image-11678\" src=\"http:\/\/escuelanidodecisnes.cl\/web\/wp-content\/uploads\/2024\/04\/IMG-20240425-WA0041-300x225.jpg\" alt=\"\" width=\"300\" height=\"225\" srcset=\"https:\/\/escuelanidodecisnes.cl\/web\/wp-content\/uploads\/2024\/04\/IMG-20240425-WA0041-300x225.jpg 300w, https:\/\/escuelanidodecisnes.cl\/web\/wp-content\/uploads\/2024\/04\/IMG-20240425-WA0041-1024x768.jpg 1024w, https:\/\/escuelanidodecisnes.cl\/web\/wp-content\/uploads\/2024\/04\/IMG-20240425-WA0041-1536x1152.jpg 1536w, https:\/\/escuelanidodecisnes.cl\/web\/wp-content\/uploads\/2024\/04\/IMG-20240425-WA0041.jpg 1600w\" sizes=\"(max-width: 300px) 100vw, 300px\" \/> <img loading=\"lazy\" class=\"alignnone size-medium wp-image-11679\" src=\"http:\/\/escuelanidodecisnes.cl\/web\/wp-content\/uploads\/2024\/04\/IMG-20240425-WA0042-300x225.jpg\" alt=\"\" width=\"300\" height=\"225\" srcset=\"https:\/\/escuelanidodecisnes.cl\/web\/wp-content\/uploads\/2024\/04\/IMG-20240425-WA0042-300x225.jpg 300w, https:\/\/escuelanidodecisnes.cl\/web\/wp-content\/uploads\/2024\/04\/IMG-20240425-WA0042-1024x768.jpg 1024w, https:\/\/escuelanidodecisnes.cl\/web\/wp-content\/uploads\/2024\/04\/IMG-20240425-WA0042-1536x1152.jpg 1536w, https:\/\/escuelanidodecisnes.cl\/web\/wp-content\/uploads\/2024\/04\/IMG-20240425-WA0042.jpg 1600w\" sizes=\"(max-width: 300px) 100vw, 300px\" \/> <img loading=\"lazy\" class=\"alignnone size-medium wp-image-11680\" src=\"http:\/\/escuelanidodecisnes.cl\/web\/wp-content\/uploads\/2024\/04\/IMG-20240425-WA0048-300x225.jpg\" alt=\"\" width=\"300\" height=\"225\" srcset=\"https:\/\/escuelanidodecisnes.cl\/web\/wp-content\/uploads\/2024\/04\/IMG-20240425-WA0048-300x225.jpg 300w, https:\/\/escuelanidodecisnes.cl\/web\/wp-content\/uploads\/2024\/04\/IMG-20240425-WA0048-1024x768.jpg 1024w, https:\/\/escuelanidodecisnes.cl\/web\/wp-content\/uploads\/2024\/04\/IMG-20240425-WA0048-1536x1152.jpg 1536w, https:\/\/escuelanidodecisnes.cl\/web\/wp-content\/uploads\/2024\/04\/IMG-20240425-WA0048.jpg 1600w\" sizes=\"(max-width: 300px) 100vw, 300px\" \/> <img loading=\"lazy\" class=\"alignnone size-medium wp-image-11681\" src=\"http:\/\/escuelanidodecisnes.cl\/web\/wp-content\/uploads\/2024\/04\/IMG-20240425-WA0050-300x225.jpg\" alt=\"\" width=\"300\" height=\"225\" srcset=\"https:\/\/escuelanidodecisnes.cl\/web\/wp-content\/uploads\/2024\/04\/IMG-20240425-WA0050-300x225.jpg 300w, https:\/\/escuelanidodecisnes.cl\/web\/wp-content\/uploads\/2024\/04\/IMG-20240425-WA0050-1024x768.jpg 1024w, https:\/\/escuelanidodecisnes.cl\/web\/wp-content\/uploads\/2024\/04\/IMG-20240425-WA0050-1536x1152.jpg 1536w, https:\/\/escuelanidodecisnes.cl\/web\/wp-content\/uploads\/2024\/04\/IMG-20240425-WA0050.jpg 1600w\" sizes=\"(max-width: 300px) 100vw, 300px\" \/> <img loading=\"lazy\" class=\"alignnone size-medium wp-image-11682\" src=\"http:\/\/escuelanidodecisnes.cl\/web\/wp-content\/uploads\/2024\/04\/IMG-20240425-WA0039-300x225.jpg\" alt=\"\" width=\"300\" height=\"225\" srcset=\"https:\/\/escuelanidodecisnes.cl\/web\/wp-content\/uploads\/2024\/04\/IMG-20240425-WA0039-300x225.jpg 300w, https:\/\/escuelanidodecisnes.cl\/web\/wp-content\/uploads\/2024\/04\/IMG-20240425-WA0039-1024x768.jpg 1024w, https:\/\/escuelanidodecisnes.cl\/web\/wp-content\/uploads\/2024\/04\/IMG-20240425-WA0039-1536x1152.jpg 1536w, https:\/\/escuelanidodecisnes.cl\/web\/wp-content\/uploads\/2024\/04\/IMG-20240425-WA0039.jpg 1600w\" sizes=\"(max-width: 300px) 100vw, 300px\" \/><\/p>\n","protected":false},"excerpt":{"rendered":"<p>En la escuela particular Nido de Cisnes los alumnos de Kinder realizaron una actividad en la materia de Artes Visuales con la t\u00eda Lorena, la cual consist\u00eda en crear dibujos mezclando l\u00e1pices de colores y t\u00e9mpera teniendo como inspiraci\u00f3n la portada de un libro infantil. Esta tarea se llev\u00f3 a cabo con el objetivo de [&hellip;]<\/p>\n","protected":false},"author":2,"featured_media":11683,"comment_status":"open","ping_status":"open","sticky":false,"template":"","format":"standard","meta":[],"categories":[4],"tags":[72,56,7,89,5],"_links":{"self":[{"href":"https:\/\/escuelanidodecisnes.cl\/web\/index.php\/wp-json\/wp\/v2\/posts\/11676"}],"collection":[{"href":"https:\/\/escuelanidodecisnes.cl\/web\/index.php\/wp-json\/wp\/v2\/posts"}],"about":[{"href":"https:\/\/escuelanidodecisnes.cl\/web\/index.php\/wp-json\/wp\/v2\/types\/post"}],"author":[{"embeddable":true,"href":"https:\/\/escuelanidodecisnes.cl\/web\/index.php\/wp-json\/wp\/v2\/users\/2"}],"replies":[{"embeddable":true,"href":"https:\/\/escuelanidodecisnes.cl\/web\/index.php\/wp-json\/wp\/v2\/comments?post=11676"}],"version-history":[{"count":1,"href":"https:\/\/escuelanidodecisnes.cl\/web\/index.php\/wp-json\/wp\/v2\/posts\/11676\/revisions"}],"predecessor-version":[{"id":11684,"href":"https:\/\/escuelanidodecisnes.cl\/web\/index.php\/wp-json\/wp\/v2\/posts\/11676\/revisions\/11684"}],"wp:featuredmedia":[{"embeddable":true,"href":"https:\/\/escuelanidodecisnes.cl\/web\/index.php\/wp-json\/wp\/v2\/media\/11683"}],"wp:attachment":[{"href":"https:\/\/escuelanidodecisnes.cl\/web\/index.php\/wp-json\/wp\/v2\/media?parent=11676"}],"wp:term":[{"taxonomy":"category","embeddable":true,"href":"https:\/\/escuelanidodecisnes.cl\/web\/index.php\/wp-json\/wp\/v2\/categories?post=11676"},{"taxonomy":"post_tag","embeddable":true,"href":"https:\/\/escuelanidodecisnes.cl\/web\/index.php\/wp-json\/wp\/v2\/tags?post=11676"}],"curies":[{"name":"wp","href":"https:\/\/api.w.org\/{rel}","templated":true}]}}