{"id":11348,"date":"2023-10-24T09:46:44","date_gmt":"2023-10-24T12:46:44","guid":{"rendered":"https:\/\/escuelanidodecisnes.cl\/web\/?p=11348"},"modified":"2023-10-24T09:46:44","modified_gmt":"2023-10-24T12:46:44","slug":"nuestro-pais-comestible","status":"publish","type":"post","link":"https:\/\/escuelanidodecisnes.cl\/web\/index.php\/2023\/10\/24\/nuestro-pais-comestible\/","title":{"rendered":"Nuestro pa\u00eds comestible"},"content":{"rendered":"\n<p>La profesora Macarena Segovia, encargada de la asignatura de Historia y Geograf\u00eda, en 6\u00b0 b\u00e1sico realiz\u00f3 una actividad manual y deliciosa con los estudiantes. Esta actividad consist\u00eda en la elaboraci\u00f3n de nuestro pa\u00eds en pan, es decir, una masa con las caracter\u00edsticas de cada una de las regiones de Chile, incluyendo sus climas, su relieve, su ambientaci\u00f3n, su hidrograf\u00eda y sus caracter\u00edsticas. Los materiales de esta actividad fueron cualquier tipo de masa manipulable, ingredientes decorativos y comestibles para la ambientaci\u00f3n de la zona, como malvaviscos, queso crema, palta, galletas, gomitas, colorante, y utensilios b\u00e1sicos de cocina. La docente comenta sentirse muy satisfecha gracias al desempe\u00f1o positivo de los estudiantes y del exitoso resultado de la iniciativa.<\/p>\n<p><strong><em>Por Monserrat Fern\u00e1ndez y Sof\u00eda B\u00e1rcenas<\/em><\/strong><\/p>\n<p><strong><em>(Reporteras escolares \/ Taller Periodismo)<\/em><\/strong><\/p>\n<p><img loading=\"lazy\" class=\"alignnone wp-image-11349\" src=\"http:\/\/escuelanidodecisnes.cl\/web\/wp-content\/uploads\/2023\/10\/IMG-20231019-WA0077-225x300.jpg\" alt=\"\" width=\"300\" height=\"400\" srcset=\"https:\/\/escuelanidodecisnes.cl\/web\/wp-content\/uploads\/2023\/10\/IMG-20231019-WA0077-225x300.jpg 225w, https:\/\/escuelanidodecisnes.cl\/web\/wp-content\/uploads\/2023\/10\/IMG-20231019-WA0077-768x1024.jpg 768w, https:\/\/escuelanidodecisnes.cl\/web\/wp-content\/uploads\/2023\/10\/IMG-20231019-WA0077-1152x1536.jpg 1152w, https:\/\/escuelanidodecisnes.cl\/web\/wp-content\/uploads\/2023\/10\/IMG-20231019-WA0077.jpg 1200w\" sizes=\"(max-width: 300px) 100vw, 300px\" \/> <img loading=\"lazy\" class=\"alignnone wp-image-11350\" src=\"http:\/\/escuelanidodecisnes.cl\/web\/wp-content\/uploads\/2023\/10\/IMG-20231019-WA0078-225x300.jpg\" alt=\"\" width=\"300\" height=\"400\" srcset=\"https:\/\/escuelanidodecisnes.cl\/web\/wp-content\/uploads\/2023\/10\/IMG-20231019-WA0078-225x300.jpg 225w, https:\/\/escuelanidodecisnes.cl\/web\/wp-content\/uploads\/2023\/10\/IMG-20231019-WA0078-768x1024.jpg 768w, https:\/\/escuelanidodecisnes.cl\/web\/wp-content\/uploads\/2023\/10\/IMG-20231019-WA0078-1152x1536.jpg 1152w, https:\/\/escuelanidodecisnes.cl\/web\/wp-content\/uploads\/2023\/10\/IMG-20231019-WA0078.jpg 1200w\" sizes=\"(max-width: 300px) 100vw, 300px\" \/> <img loading=\"lazy\" class=\"wp-image-11351 alignleft\" src=\"http:\/\/escuelanidodecisnes.cl\/web\/wp-content\/uploads\/2023\/10\/IMG-20231019-WA0079-225x300.jpg\" alt=\"\" width=\"300\" height=\"400\" srcset=\"https:\/\/escuelanidodecisnes.cl\/web\/wp-content\/uploads\/2023\/10\/IMG-20231019-WA0079-225x300.jpg 225w, https:\/\/escuelanidodecisnes.cl\/web\/wp-content\/uploads\/2023\/10\/IMG-20231019-WA0079-768x1024.jpg 768w, https:\/\/escuelanidodecisnes.cl\/web\/wp-content\/uploads\/2023\/10\/IMG-20231019-WA0079-1152x1536.jpg 1152w, https:\/\/escuelanidodecisnes.cl\/web\/wp-content\/uploads\/2023\/10\/IMG-20231019-WA0079.jpg 1200w\" sizes=\"(max-width: 300px) 100vw, 300px\" \/> <img loading=\"lazy\" class=\"alignnone wp-image-11352\" src=\"http:\/\/escuelanidodecisnes.cl\/web\/wp-content\/uploads\/2023\/10\/IMG-20231019-WA0080-225x300.jpg\" alt=\"\" width=\"300\" height=\"400\" srcset=\"https:\/\/escuelanidodecisnes.cl\/web\/wp-content\/uploads\/2023\/10\/IMG-20231019-WA0080-225x300.jpg 225w, https:\/\/escuelanidodecisnes.cl\/web\/wp-content\/uploads\/2023\/10\/IMG-20231019-WA0080-768x1024.jpg 768w, https:\/\/escuelanidodecisnes.cl\/web\/wp-content\/uploads\/2023\/10\/IMG-20231019-WA0080-1152x1536.jpg 1152w, https:\/\/escuelanidodecisnes.cl\/web\/wp-content\/uploads\/2023\/10\/IMG-20231019-WA0080.jpg 1200w\" sizes=\"(max-width: 300px) 100vw, 300px\" \/><\/p>\n","protected":false},"excerpt":{"rendered":"<p>La profesora Macarena Segovia, encargada de la asignatura de Historia y Geograf\u00eda, en 6\u00b0 b\u00e1sico realiz\u00f3 una actividad manual y deliciosa con los estudiantes. Esta actividad consist\u00eda en la elaboraci\u00f3n de nuestro pa\u00eds en pan, es decir, una masa con las caracter\u00edsticas de cada una de las regiones de Chile, incluyendo sus climas, su relieve, [&hellip;]<\/p>\n","protected":false},"author":2,"featured_media":11353,"comment_status":"open","ping_status":"open","sticky":false,"template":"","format":"standard","meta":[],"categories":[1],"tags":[72,7,28,89,5],"_links":{"self":[{"href":"https:\/\/escuelanidodecisnes.cl\/web\/index.php\/wp-json\/wp\/v2\/posts\/11348"}],"collection":[{"href":"https:\/\/escuelanidodecisnes.cl\/web\/index.php\/wp-json\/wp\/v2\/posts"}],"about":[{"href":"https:\/\/escuelanidodecisnes.cl\/web\/index.php\/wp-json\/wp\/v2\/types\/post"}],"author":[{"embeddable":true,"href":"https:\/\/escuelanidodecisnes.cl\/web\/index.php\/wp-json\/wp\/v2\/users\/2"}],"replies":[{"embeddable":true,"href":"https:\/\/escuelanidodecisnes.cl\/web\/index.php\/wp-json\/wp\/v2\/comments?post=11348"}],"version-history":[{"count":1,"href":"https:\/\/escuelanidodecisnes.cl\/web\/index.php\/wp-json\/wp\/v2\/posts\/11348\/revisions"}],"predecessor-version":[{"id":11354,"href":"https:\/\/escuelanidodecisnes.cl\/web\/index.php\/wp-json\/wp\/v2\/posts\/11348\/revisions\/11354"}],"wp:featuredmedia":[{"embeddable":true,"href":"https:\/\/escuelanidodecisnes.cl\/web\/index.php\/wp-json\/wp\/v2\/media\/11353"}],"wp:attachment":[{"href":"https:\/\/escuelanidodecisnes.cl\/web\/index.php\/wp-json\/wp\/v2\/media?parent=11348"}],"wp:term":[{"taxonomy":"category","embeddable":true,"href":"https:\/\/escuelanidodecisnes.cl\/web\/index.php\/wp-json\/wp\/v2\/categories?post=11348"},{"taxonomy":"post_tag","embeddable":true,"href":"https:\/\/escuelanidodecisnes.cl\/web\/index.php\/wp-json\/wp\/v2\/tags?post=11348"}],"curies":[{"name":"wp","href":"https:\/\/api.w.org\/{rel}","templated":true}]}}