{"id":11279,"date":"2023-09-24T22:47:09","date_gmt":"2023-09-25T01:47:09","guid":{"rendered":"http:\/\/escuelanidodecisnes.cl\/web\/?p=11279"},"modified":"2023-09-24T22:47:09","modified_gmt":"2023-09-25T01:47:09","slug":"expresiones-culturales-de-la-historia","status":"publish","type":"post","link":"https:\/\/escuelanidodecisnes.cl\/web\/index.php\/2023\/09\/24\/expresiones-culturales-de-la-historia\/","title":{"rendered":"Expresiones culturales de la historia"},"content":{"rendered":"\n<p>Una investigaci\u00f3n sobre las diferentes expresiones culturales de la \u00e9poca de los \u00b480 es la que realiz\u00f3 el 6\u00b0 b\u00e1sico del colegio, en un trabajo de la asignatura de Historia. La profesora Macarena Segovia, a cargo de esta asignatura se\u00f1al\u00f3 que el objetivo fue identificar la masificaci\u00f3n de las expresiones culturales de ese periodo de la historia. Para ello, \u00a0primero utilizaron los computadores para hacer la investigaci\u00f3n, y luego materiales b\u00e1sicos como hojas, cartulinas, recortes, etc., para el trabajo manual<\/p>\n<p>\u201cLo que les ped\u00ed fue que ellos conocieran acerca de los grupos de ese tiempo, los movimientos sociales de ese tiempo o que conocieran los movimientos culturales, y tambi\u00e9n la prensa, tambi\u00e9n como la publicidad y esas cosas\u201d, indic\u00f3 la t\u00eda, destacando que hubo trabajos muy buenos en el curso.<\/p>\n<p><strong><em>\u00a0<\/em><\/strong><\/p>\n<p><strong><em>Por Isidora S\u00e1nchez, Thiare Barr\u00eda y Valentina S\u00e1nchez<\/em><\/strong><\/p>\n<p><strong><em>(Reporteras escolares \/ Taller Periodismo)<\/em><\/strong><\/p>\n<p><img loading=\"lazy\" class=\"alignnone size-medium wp-image-11280\" src=\"http:\/\/escuelanidodecisnes.cl\/web\/wp-content\/uploads\/2023\/09\/20230921_161945-300x281.jpg\" alt=\"\" width=\"300\" height=\"281\" srcset=\"https:\/\/escuelanidodecisnes.cl\/web\/wp-content\/uploads\/2023\/09\/20230921_161945-300x281.jpg 300w, https:\/\/escuelanidodecisnes.cl\/web\/wp-content\/uploads\/2023\/09\/20230921_161945-1024x959.jpg 1024w, https:\/\/escuelanidodecisnes.cl\/web\/wp-content\/uploads\/2023\/09\/20230921_161945-1536x1438.jpg 1536w, https:\/\/escuelanidodecisnes.cl\/web\/wp-content\/uploads\/2023\/09\/20230921_161945-2048x1917.jpg 2048w\" sizes=\"(max-width: 300px) 100vw, 300px\" \/> <img loading=\"lazy\" class=\"alignnone size-medium wp-image-11281\" src=\"http:\/\/escuelanidodecisnes.cl\/web\/wp-content\/uploads\/2023\/09\/20230921_162310-243x300.jpg\" alt=\"\" width=\"243\" height=\"300\" srcset=\"https:\/\/escuelanidodecisnes.cl\/web\/wp-content\/uploads\/2023\/09\/20230921_162310-243x300.jpg 243w, https:\/\/escuelanidodecisnes.cl\/web\/wp-content\/uploads\/2023\/09\/20230921_162310-828x1024.jpg 828w, https:\/\/escuelanidodecisnes.cl\/web\/wp-content\/uploads\/2023\/09\/20230921_162310-1242x1536.jpg 1242w, https:\/\/escuelanidodecisnes.cl\/web\/wp-content\/uploads\/2023\/09\/20230921_162310-1656x2048.jpg 1656w\" sizes=\"(max-width: 243px) 100vw, 243px\" \/> <img loading=\"lazy\" class=\"alignnone size-medium wp-image-11282\" src=\"http:\/\/escuelanidodecisnes.cl\/web\/wp-content\/uploads\/2023\/09\/20230921_161938-248x300.jpg\" alt=\"\" width=\"248\" height=\"300\" srcset=\"https:\/\/escuelanidodecisnes.cl\/web\/wp-content\/uploads\/2023\/09\/20230921_161938-248x300.jpg 248w, https:\/\/escuelanidodecisnes.cl\/web\/wp-content\/uploads\/2023\/09\/20230921_161938-847x1024.jpg 847w, https:\/\/escuelanidodecisnes.cl\/web\/wp-content\/uploads\/2023\/09\/20230921_161938-1271x1536.jpg 1271w, https:\/\/escuelanidodecisnes.cl\/web\/wp-content\/uploads\/2023\/09\/20230921_161938-1695x2048.jpg 1695w\" sizes=\"(max-width: 248px) 100vw, 248px\" \/> <img loading=\"lazy\" class=\"alignnone size-medium wp-image-11283\" src=\"http:\/\/escuelanidodecisnes.cl\/web\/wp-content\/uploads\/2023\/09\/20230921_162314-239x300.jpg\" alt=\"\" width=\"239\" height=\"300\" srcset=\"https:\/\/escuelanidodecisnes.cl\/web\/wp-content\/uploads\/2023\/09\/20230921_162314-239x300.jpg 239w, https:\/\/escuelanidodecisnes.cl\/web\/wp-content\/uploads\/2023\/09\/20230921_162314-816x1024.jpg 816w, https:\/\/escuelanidodecisnes.cl\/web\/wp-content\/uploads\/2023\/09\/20230921_162314-1224x1536.jpg 1224w, https:\/\/escuelanidodecisnes.cl\/web\/wp-content\/uploads\/2023\/09\/20230921_162314-1632x2048.jpg 1632w, https:\/\/escuelanidodecisnes.cl\/web\/wp-content\/uploads\/2023\/09\/20230921_162314-scaled.jpg 2040w\" sizes=\"(max-width: 239px) 100vw, 239px\" \/><\/p>\n<p>\u00a0<\/p>\n","protected":false},"excerpt":{"rendered":"<p>Una investigaci\u00f3n sobre las diferentes expresiones culturales de la \u00e9poca de los \u00b480 es la que realiz\u00f3 el 6\u00b0 b\u00e1sico del colegio, en un trabajo de la asignatura de Historia. La profesora Macarena Segovia, a cargo de esta asignatura se\u00f1al\u00f3 que el objetivo fue identificar la masificaci\u00f3n de las expresiones culturales de ese periodo de [&hellip;]<\/p>\n","protected":false},"author":2,"featured_media":11284,"comment_status":"open","ping_status":"open","sticky":false,"template":"","format":"standard","meta":[],"categories":[4],"tags":[72,56,7,28,89,5],"_links":{"self":[{"href":"https:\/\/escuelanidodecisnes.cl\/web\/index.php\/wp-json\/wp\/v2\/posts\/11279"}],"collection":[{"href":"https:\/\/escuelanidodecisnes.cl\/web\/index.php\/wp-json\/wp\/v2\/posts"}],"about":[{"href":"https:\/\/escuelanidodecisnes.cl\/web\/index.php\/wp-json\/wp\/v2\/types\/post"}],"author":[{"embeddable":true,"href":"https:\/\/escuelanidodecisnes.cl\/web\/index.php\/wp-json\/wp\/v2\/users\/2"}],"replies":[{"embeddable":true,"href":"https:\/\/escuelanidodecisnes.cl\/web\/index.php\/wp-json\/wp\/v2\/comments?post=11279"}],"version-history":[{"count":1,"href":"https:\/\/escuelanidodecisnes.cl\/web\/index.php\/wp-json\/wp\/v2\/posts\/11279\/revisions"}],"predecessor-version":[{"id":11285,"href":"https:\/\/escuelanidodecisnes.cl\/web\/index.php\/wp-json\/wp\/v2\/posts\/11279\/revisions\/11285"}],"wp:featuredmedia":[{"embeddable":true,"href":"https:\/\/escuelanidodecisnes.cl\/web\/index.php\/wp-json\/wp\/v2\/media\/11284"}],"wp:attachment":[{"href":"https:\/\/escuelanidodecisnes.cl\/web\/index.php\/wp-json\/wp\/v2\/media?parent=11279"}],"wp:term":[{"taxonomy":"category","embeddable":true,"href":"https:\/\/escuelanidodecisnes.cl\/web\/index.php\/wp-json\/wp\/v2\/categories?post=11279"},{"taxonomy":"post_tag","embeddable":true,"href":"https:\/\/escuelanidodecisnes.cl\/web\/index.php\/wp-json\/wp\/v2\/tags?post=11279"}],"curies":[{"name":"wp","href":"https:\/\/api.w.org\/{rel}","templated":true}]}}