{"id":11239,"date":"2023-09-14T12:02:36","date_gmt":"2023-09-14T15:02:36","guid":{"rendered":"http:\/\/escuelanidodecisnes.cl\/web\/?p=11239"},"modified":"2023-09-14T12:02:36","modified_gmt":"2023-09-14T15:02:36","slug":"exposiciones-de-textos-informativos","status":"publish","type":"post","link":"https:\/\/escuelanidodecisnes.cl\/web\/index.php\/2023\/09\/14\/exposiciones-de-textos-informativos\/","title":{"rendered":"Exposiciones de Textos Informativos"},"content":{"rendered":"\n<p>En el curso de 6 \u00b0 b\u00e1sico se realiz\u00f3 un trabajo sobre plantas y flores \u00a0ornamentales\u00a0 en la unidad \u201cTextos Informativos\u201d, en la asignatura de Lengua y Literatura. La profesora M\u00f3nica Lagos se\u00f1al\u00f3 que este trabajo incluy\u00f3 una disertaci\u00f3n y la creaci\u00f3n de un lapbook o infograf\u00eda con la exposici\u00f3n de su planta, agregando im\u00e1genes sobre la planta escogida, con cartulina y goma eva dependiendo de la creatividad de cada grupo de estudiantes.<\/p>\n<p>La docente se\u00f1al\u00f3 que qued\u00f3 muy conforme con el desarrollo del trabajo, ya que \u00a0\u201ctodos los estudiantes disertaron y pudieron exponer del tema que investigaron. Hubo un proceso previo de investigaci\u00f3n despu\u00e9s de exposici\u00f3n y posterior a eso vamos a hacer la parte pr\u00e1ctica con las plantas\u201d.<\/p>\n<p><strong><em>Por \u00a0Thiare Barr\u00eda, Valentina S\u00e1nchez e Isidora S\u00e1nchez<\/em><\/strong><\/p>\n<p><strong><em>(Reporteras escolares \/ Taller Periodismo)<\/em><\/strong><\/p>\n<p><img loading=\"lazy\" class=\"alignnone wp-image-11240\" src=\"http:\/\/escuelanidodecisnes.cl\/web\/wp-content\/uploads\/2023\/09\/IMG-20230907-WA00622-300x276.jpg\" alt=\"\" width=\"400\" height=\"368\" srcset=\"https:\/\/escuelanidodecisnes.cl\/web\/wp-content\/uploads\/2023\/09\/IMG-20230907-WA00622-300x276.jpg 300w, https:\/\/escuelanidodecisnes.cl\/web\/wp-content\/uploads\/2023\/09\/IMG-20230907-WA00622-1024x942.jpg 1024w, https:\/\/escuelanidodecisnes.cl\/web\/wp-content\/uploads\/2023\/09\/IMG-20230907-WA00622.jpg 1142w\" sizes=\"(max-width: 400px) 100vw, 400px\" \/>\u00a0 \u00a0\u00a0 <img loading=\"lazy\" class=\"alignnone wp-image-11241\" src=\"http:\/\/escuelanidodecisnes.cl\/web\/wp-content\/uploads\/2023\/09\/IMG-20230907-WA00682-300x233.jpg\" alt=\"\" width=\"400\" height=\"310\" srcset=\"https:\/\/escuelanidodecisnes.cl\/web\/wp-content\/uploads\/2023\/09\/IMG-20230907-WA00682-300x233.jpg 300w, https:\/\/escuelanidodecisnes.cl\/web\/wp-content\/uploads\/2023\/09\/IMG-20230907-WA00682-1024x794.jpg 1024w, https:\/\/escuelanidodecisnes.cl\/web\/wp-content\/uploads\/2023\/09\/IMG-20230907-WA00682.jpg 1352w\" sizes=\"(max-width: 400px) 100vw, 400px\" \/> <img loading=\"lazy\" class=\"alignnone wp-image-11242\" src=\"http:\/\/escuelanidodecisnes.cl\/web\/wp-content\/uploads\/2023\/09\/IMG-20230907-WA00712-300x237.jpg\" alt=\"\" width=\"400\" height=\"316\" srcset=\"https:\/\/escuelanidodecisnes.cl\/web\/wp-content\/uploads\/2023\/09\/IMG-20230907-WA00712-300x237.jpg 300w, https:\/\/escuelanidodecisnes.cl\/web\/wp-content\/uploads\/2023\/09\/IMG-20230907-WA00712-1024x809.jpg 1024w, https:\/\/escuelanidodecisnes.cl\/web\/wp-content\/uploads\/2023\/09\/IMG-20230907-WA00712.jpg 1382w\" sizes=\"(max-width: 400px) 100vw, 400px\" \/>\u00a0 \u00a0 \u00a0<img loading=\"lazy\" class=\"alignnone wp-image-11243\" src=\"http:\/\/escuelanidodecisnes.cl\/web\/wp-content\/uploads\/2023\/09\/IMG-20230907-WA00722-300x289.jpg\" alt=\"\" width=\"400\" height=\"386\" srcset=\"https:\/\/escuelanidodecisnes.cl\/web\/wp-content\/uploads\/2023\/09\/IMG-20230907-WA00722-300x289.jpg 300w, https:\/\/escuelanidodecisnes.cl\/web\/wp-content\/uploads\/2023\/09\/IMG-20230907-WA00722-1024x987.jpg 1024w, https:\/\/escuelanidodecisnes.cl\/web\/wp-content\/uploads\/2023\/09\/IMG-20230907-WA00722.jpg 1245w\" sizes=\"(max-width: 400px) 100vw, 400px\" \/> \u00a0\u00a0 \u00a0 \u00a0 \u00a0<\/p>\n","protected":false},"excerpt":{"rendered":"<p>En el curso de 6 \u00b0 b\u00e1sico se realiz\u00f3 un trabajo sobre plantas y flores \u00a0ornamentales\u00a0 en la unidad \u201cTextos Informativos\u201d, en la asignatura de Lengua y Literatura. La profesora M\u00f3nica Lagos se\u00f1al\u00f3 que este trabajo incluy\u00f3 una disertaci\u00f3n y la creaci\u00f3n de un lapbook o infograf\u00eda con la exposici\u00f3n de su planta, agregando im\u00e1genes [&hellip;]<\/p>\n","protected":false},"author":2,"featured_media":11245,"comment_status":"open","ping_status":"open","sticky":false,"template":"","format":"standard","meta":[],"categories":[4],"tags":[72,64,7,75,5],"_links":{"self":[{"href":"https:\/\/escuelanidodecisnes.cl\/web\/index.php\/wp-json\/wp\/v2\/posts\/11239"}],"collection":[{"href":"https:\/\/escuelanidodecisnes.cl\/web\/index.php\/wp-json\/wp\/v2\/posts"}],"about":[{"href":"https:\/\/escuelanidodecisnes.cl\/web\/index.php\/wp-json\/wp\/v2\/types\/post"}],"author":[{"embeddable":true,"href":"https:\/\/escuelanidodecisnes.cl\/web\/index.php\/wp-json\/wp\/v2\/users\/2"}],"replies":[{"embeddable":true,"href":"https:\/\/escuelanidodecisnes.cl\/web\/index.php\/wp-json\/wp\/v2\/comments?post=11239"}],"version-history":[{"count":1,"href":"https:\/\/escuelanidodecisnes.cl\/web\/index.php\/wp-json\/wp\/v2\/posts\/11239\/revisions"}],"predecessor-version":[{"id":11246,"href":"https:\/\/escuelanidodecisnes.cl\/web\/index.php\/wp-json\/wp\/v2\/posts\/11239\/revisions\/11246"}],"wp:featuredmedia":[{"embeddable":true,"href":"https:\/\/escuelanidodecisnes.cl\/web\/index.php\/wp-json\/wp\/v2\/media\/11245"}],"wp:attachment":[{"href":"https:\/\/escuelanidodecisnes.cl\/web\/index.php\/wp-json\/wp\/v2\/media?parent=11239"}],"wp:term":[{"taxonomy":"category","embeddable":true,"href":"https:\/\/escuelanidodecisnes.cl\/web\/index.php\/wp-json\/wp\/v2\/categories?post=11239"},{"taxonomy":"post_tag","embeddable":true,"href":"https:\/\/escuelanidodecisnes.cl\/web\/index.php\/wp-json\/wp\/v2\/tags?post=11239"}],"curies":[{"name":"wp","href":"https:\/\/api.w.org\/{rel}","templated":true}]}}