{"id":1070,"date":"2016-10-26T11:19:36","date_gmt":"2016-10-26T14:19:36","guid":{"rendered":"http:\/\/escuelanidodecisnes.cl\/web\/?p=1070"},"modified":"2016-10-26T11:19:36","modified_gmt":"2016-10-26T14:19:36","slug":"preparan-gala-de-musicales","status":"publish","type":"post","link":"https:\/\/escuelanidodecisnes.cl\/web\/index.php\/2016\/10\/26\/preparan-gala-de-musicales\/","title":{"rendered":"Preparan gala de musicales"},"content":{"rendered":"<p><img loading=\"lazy\" class=\"alignleft wp-image-1071 size-medium\" style=\"border: 1px solid #800000;\" src=\"http:\/\/escuelanidodecisnes.cl\/web\/wp-content\/uploads\/2016\/10\/IMG_4378-300x225.jpg\" alt=\"img_4378\" width=\"300\" height=\"225\" \/>Promoviendo la expresi\u00f3n corporal de los alumnos, la escuela ha organizado una nueva gala art\u00edstica, en la que los alumnos tendr\u00e1n la oportunidad de representar musicales.<\/p>\n<p>En este proyecto, en el que participan los curso de pre-kinder a octavo b\u00e1sico y que se realizar\u00e1 los primeros d\u00edas de noviembre, los ni\u00f1os guiados por sus profesores dramatizar\u00e1n un musical de alg\u00fan programa o pel\u00edcula.<\/p>\n<p>Los musicales que se presentar\u00e1n ser\u00e1n pre-kinder, un musical inspirado en m\u00fasica country; kinder: \u201cLa M\u00e1scara\u201d; 1\u00b0 b\u00e1sico, \u201cTeen Beach Movie\u201d; 2\u00b0 b\u00e1sico, \u201cEl perro chocolo\u201d; 3\u00b0 b\u00e1sico, \u201c60\u2019s Rock\u2019n Roll, Est\u00fapido Cupido\u201d; 4\u00b0 b\u00e1sico, \u201cHigh School Musical\u201d; 5\u00b0 b\u00e1sico, 31 Minutos; 6\u00b0 b\u00e1sico, El chavo del 8; 7\u00b0 b\u00e1sico, \u201cGrease Brillantina, y 8\u00b0 b\u00e1sico, \u201cThriller\u201d, de Michael Jackson.<\/p>\n<p>Los ensayos ya comenzaron y los alumnos est\u00e1n muy motivados en presentar una entretenida e impecable gala.<\/p>\n<p>&nbsp;<\/p>\n<p><strong><em>Por Emilia Geissbuhler, Maura Mu\u00f1oz y Claudia Gonz\u00e1lez<\/em><\/strong><\/p>\n<p><strong><em>(Reporteras escolares \/ Taller de Periodismo)<\/em><\/strong><\/p>\n","protected":false},"excerpt":{"rendered":"<p>Promoviendo la expresi\u00f3n corporal de los alumnos, la escuela ha organizado una nueva gala art\u00edstica, en la que los alumnos tendr\u00e1n la oportunidad de representar musicales. En este proyecto, en el que participan los curso de pre-kinder a octavo b\u00e1sico y que se realizar\u00e1 los primeros d\u00edas de noviembre, los ni\u00f1os guiados por sus profesores [&hellip;]<\/p>\n","protected":false},"author":2,"featured_media":1071,"comment_status":"open","ping_status":"open","sticky":false,"template":"","format":"standard","meta":[],"categories":[4],"tags":[59,7,39,46],"_links":{"self":[{"href":"https:\/\/escuelanidodecisnes.cl\/web\/index.php\/wp-json\/wp\/v2\/posts\/1070"}],"collection":[{"href":"https:\/\/escuelanidodecisnes.cl\/web\/index.php\/wp-json\/wp\/v2\/posts"}],"about":[{"href":"https:\/\/escuelanidodecisnes.cl\/web\/index.php\/wp-json\/wp\/v2\/types\/post"}],"author":[{"embeddable":true,"href":"https:\/\/escuelanidodecisnes.cl\/web\/index.php\/wp-json\/wp\/v2\/users\/2"}],"replies":[{"embeddable":true,"href":"https:\/\/escuelanidodecisnes.cl\/web\/index.php\/wp-json\/wp\/v2\/comments?post=1070"}],"version-history":[{"count":1,"href":"https:\/\/escuelanidodecisnes.cl\/web\/index.php\/wp-json\/wp\/v2\/posts\/1070\/revisions"}],"predecessor-version":[{"id":1072,"href":"https:\/\/escuelanidodecisnes.cl\/web\/index.php\/wp-json\/wp\/v2\/posts\/1070\/revisions\/1072"}],"wp:featuredmedia":[{"embeddable":true,"href":"https:\/\/escuelanidodecisnes.cl\/web\/index.php\/wp-json\/wp\/v2\/media\/1071"}],"wp:attachment":[{"href":"https:\/\/escuelanidodecisnes.cl\/web\/index.php\/wp-json\/wp\/v2\/media?parent=1070"}],"wp:term":[{"taxonomy":"category","embeddable":true,"href":"https:\/\/escuelanidodecisnes.cl\/web\/index.php\/wp-json\/wp\/v2\/categories?post=1070"},{"taxonomy":"post_tag","embeddable":true,"href":"https:\/\/escuelanidodecisnes.cl\/web\/index.php\/wp-json\/wp\/v2\/tags?post=1070"}],"curies":[{"name":"wp","href":"https:\/\/api.w.org\/{rel}","templated":true}]}}