{"id":1067,"date":"2016-10-25T10:57:22","date_gmt":"2016-10-25T13:57:22","guid":{"rendered":"http:\/\/escuelanidodecisnes.cl\/web\/?p=1067"},"modified":"2016-10-25T10:57:22","modified_gmt":"2016-10-25T13:57:22","slug":"valores-solidarios","status":"publish","type":"post","link":"https:\/\/escuelanidodecisnes.cl\/web\/index.php\/2016\/10\/25\/valores-solidarios\/","title":{"rendered":"Valores solidarios"},"content":{"rendered":"<p><img loading=\"lazy\" class=\"alignleft wp-image-1068 size-medium\" style=\"border: 1px solid #800000;\" src=\"http:\/\/escuelanidodecisnes.cl\/web\/wp-content\/uploads\/2016\/10\/solidaridad2-300x272.jpg\" alt=\"solidaridad2\" width=\"300\" height=\"272\" srcset=\"https:\/\/escuelanidodecisnes.cl\/web\/wp-content\/uploads\/2016\/10\/solidaridad2-300x272.jpg 300w, https:\/\/escuelanidodecisnes.cl\/web\/wp-content\/uploads\/2016\/10\/solidaridad2-1024x930.jpg 1024w, https:\/\/escuelanidodecisnes.cl\/web\/wp-content\/uploads\/2016\/10\/solidaridad2.jpg 1463w\" sizes=\"(max-width: 300px) 100vw, 300px\" \/>La oportunidad de adentrarse en el valor de la solidaridad, y al mismo tiempo ayudar a una instituci\u00f3n ben\u00e9fica fue la que tuvieron los alumnos de la escuela Nido de Cisnes, por medio de la campa\u00f1a del sobre de Aldeas Infantiles SOS.<\/p>\n<p>La campa\u00f1a comenz\u00f3 en julio y culmin\u00f3 en septiembre y consisti\u00f3 en que cada alumno, profesor y asistente de la educaci\u00f3n del establecimiento llevaba un sobre para su casa, el que deb\u00eda ser devuelto con el aporte econ\u00f3mico que pudieran dar. Finalmente, el dinero reunido por la escuela fue de $189.005, lo que fue valorado por la instituci\u00f3n.<\/p>\n<p>\u201cEs importante que el colegio participe para contribuir con esta obra social, que hay que destacar que es la \u00fanica instituci\u00f3n que presta ayuda de este tipo en Chilo\u00e9, y est\u00e1 ubicada en Ancud\u201d, dijo \u00a0el t\u00edo Claudio Mu\u00f1oz, director del establecimiento, destacando que es positivo que los ni\u00f1os aprendan a ser solidarios y a ponerse en el lugar de los dem\u00e1s.<\/p>\n<p>&nbsp;<\/p>\n<p><em><strong>Por Mat\u00edas Carre\u00f1o y Basti\u00e1n S\u00e1nchez<\/strong><\/em><\/p>\n<p><em><strong>(Reporteros escolares \/ Taller de Periodismo)<\/strong><\/em><\/p>\n","protected":false},"excerpt":{"rendered":"<p>La oportunidad de adentrarse en el valor de la solidaridad, y al mismo tiempo ayudar a una instituci\u00f3n ben\u00e9fica fue la que tuvieron los alumnos de la escuela Nido de Cisnes, por medio de la campa\u00f1a del sobre de Aldeas Infantiles SOS. La campa\u00f1a comenz\u00f3 en julio y culmin\u00f3 en septiembre y consisti\u00f3 en que [&hellip;]<\/p>\n","protected":false},"author":2,"featured_media":1068,"comment_status":"open","ping_status":"open","sticky":false,"template":"","format":"standard","meta":[],"categories":[4],"tags":[25,7,58],"_links":{"self":[{"href":"https:\/\/escuelanidodecisnes.cl\/web\/index.php\/wp-json\/wp\/v2\/posts\/1067"}],"collection":[{"href":"https:\/\/escuelanidodecisnes.cl\/web\/index.php\/wp-json\/wp\/v2\/posts"}],"about":[{"href":"https:\/\/escuelanidodecisnes.cl\/web\/index.php\/wp-json\/wp\/v2\/types\/post"}],"author":[{"embeddable":true,"href":"https:\/\/escuelanidodecisnes.cl\/web\/index.php\/wp-json\/wp\/v2\/users\/2"}],"replies":[{"embeddable":true,"href":"https:\/\/escuelanidodecisnes.cl\/web\/index.php\/wp-json\/wp\/v2\/comments?post=1067"}],"version-history":[{"count":1,"href":"https:\/\/escuelanidodecisnes.cl\/web\/index.php\/wp-json\/wp\/v2\/posts\/1067\/revisions"}],"predecessor-version":[{"id":1069,"href":"https:\/\/escuelanidodecisnes.cl\/web\/index.php\/wp-json\/wp\/v2\/posts\/1067\/revisions\/1069"}],"wp:featuredmedia":[{"embeddable":true,"href":"https:\/\/escuelanidodecisnes.cl\/web\/index.php\/wp-json\/wp\/v2\/media\/1068"}],"wp:attachment":[{"href":"https:\/\/escuelanidodecisnes.cl\/web\/index.php\/wp-json\/wp\/v2\/media?parent=1067"}],"wp:term":[{"taxonomy":"category","embeddable":true,"href":"https:\/\/escuelanidodecisnes.cl\/web\/index.php\/wp-json\/wp\/v2\/categories?post=1067"},{"taxonomy":"post_tag","embeddable":true,"href":"https:\/\/escuelanidodecisnes.cl\/web\/index.php\/wp-json\/wp\/v2\/tags?post=1067"}],"curies":[{"name":"wp","href":"https:\/\/api.w.org\/{rel}","templated":true}]}}