{"id":10435,"date":"2022-09-20T17:51:41","date_gmt":"2022-09-20T20:51:41","guid":{"rendered":"http:\/\/escuelanidodecisnes.cl\/web\/?p=10435"},"modified":"2022-09-20T17:51:41","modified_gmt":"2022-09-20T20:51:41","slug":"el-mestizaje-en-chile","status":"publish","type":"post","link":"https:\/\/escuelanidodecisnes.cl\/web\/index.php\/2022\/09\/20\/el-mestizaje-en-chile\/","title":{"rendered":"El mestizaje en Chile"},"content":{"rendered":"\n<p>Los alumnos de 2\u00b0 b\u00e1sico, \u00a0junto a su profesora Sindy Castro, elaboraron una disertaci\u00f3n en la asignatura de Historia sobre el mestizaje en Chile, y despu\u00e9s trabajaron sobre los inmigrantes del pasado y del presente. De acuerdo a eso, escogieron uno, e indicaron e identificaron cu\u00e1l fue el legado para nuestro pa\u00eds.<\/p>\n<p>Algunos materiales que utilizaron fueron papel\u00f3grafo, power point y algunos trajeron algunas comida t\u00edpicas de cada pa\u00eds y su vestimenta. Todo esto se hizo en la unidad \u201cEl mestizaje en Chile\u201d.<\/p>\n<p>Para la profesora Sindy Castro, el resultado del trabajo \u201cfue lo esperado. Se esforzaron y hubo muchas presentaciones muy bonitas\u201d.<\/p>\n<p><strong><em>Thiare Rain<\/em><\/strong><\/p>\n<p><strong><em>(Reportera escolar \/ Taller Periodismo)<\/em><\/strong><\/p>\n<p><strong><em><img loading=\"lazy\" class=\"alignnone size-medium wp-image-10436\" src=\"http:\/\/escuelanidodecisnes.cl\/web\/wp-content\/uploads\/2022\/09\/IMG-20220826-WA0005-300x179.jpg\" alt=\"\" width=\"300\" height=\"179\" srcset=\"https:\/\/escuelanidodecisnes.cl\/web\/wp-content\/uploads\/2022\/09\/IMG-20220826-WA0005-300x179.jpg 300w, https:\/\/escuelanidodecisnes.cl\/web\/wp-content\/uploads\/2022\/09\/IMG-20220826-WA0005-1024x612.jpg 1024w, https:\/\/escuelanidodecisnes.cl\/web\/wp-content\/uploads\/2022\/09\/IMG-20220826-WA0005.jpg 1229w\" sizes=\"(max-width: 300px) 100vw, 300px\" \/> <img loading=\"lazy\" class=\"alignnone size-medium wp-image-10437\" src=\"http:\/\/escuelanidodecisnes.cl\/web\/wp-content\/uploads\/2022\/09\/IMG-20220826-WA0000-300x169.jpg\" alt=\"\" width=\"300\" height=\"169\" srcset=\"https:\/\/escuelanidodecisnes.cl\/web\/wp-content\/uploads\/2022\/09\/IMG-20220826-WA0000-300x169.jpg 300w, https:\/\/escuelanidodecisnes.cl\/web\/wp-content\/uploads\/2022\/09\/IMG-20220826-WA0000-1024x576.jpg 1024w, https:\/\/escuelanidodecisnes.cl\/web\/wp-content\/uploads\/2022\/09\/IMG-20220826-WA0000.jpg 1307w\" sizes=\"(max-width: 300px) 100vw, 300px\" \/> <img loading=\"lazy\" class=\"alignnone size-medium wp-image-10438\" src=\"http:\/\/escuelanidodecisnes.cl\/web\/wp-content\/uploads\/2022\/09\/IMG-20220826-WA0003-1-300x187.jpg\" alt=\"\" width=\"300\" height=\"187\" srcset=\"https:\/\/escuelanidodecisnes.cl\/web\/wp-content\/uploads\/2022\/09\/IMG-20220826-WA0003-1-300x187.jpg 300w, https:\/\/escuelanidodecisnes.cl\/web\/wp-content\/uploads\/2022\/09\/IMG-20220826-WA0003-1-1024x637.jpg 1024w, https:\/\/escuelanidodecisnes.cl\/web\/wp-content\/uploads\/2022\/09\/IMG-20220826-WA0003-1.jpg 1178w\" sizes=\"(max-width: 300px) 100vw, 300px\" \/><\/em><\/strong><\/p>\n","protected":false},"excerpt":{"rendered":"<p>Los alumnos de 2\u00b0 b\u00e1sico, \u00a0junto a su profesora Sindy Castro, elaboraron una disertaci\u00f3n en la asignatura de Historia sobre el mestizaje en Chile, y despu\u00e9s trabajaron sobre los inmigrantes del pasado y del presente. De acuerdo a eso, escogieron uno, e indicaron e identificaron cu\u00e1l fue el legado para nuestro pa\u00eds. Algunos materiales que [&hellip;]<\/p>\n","protected":false},"author":2,"featured_media":10439,"comment_status":"open","ping_status":"open","sticky":false,"template":"","format":"standard","meta":[],"categories":[4],"tags":[72,64,7,28,5],"_links":{"self":[{"href":"https:\/\/escuelanidodecisnes.cl\/web\/index.php\/wp-json\/wp\/v2\/posts\/10435"}],"collection":[{"href":"https:\/\/escuelanidodecisnes.cl\/web\/index.php\/wp-json\/wp\/v2\/posts"}],"about":[{"href":"https:\/\/escuelanidodecisnes.cl\/web\/index.php\/wp-json\/wp\/v2\/types\/post"}],"author":[{"embeddable":true,"href":"https:\/\/escuelanidodecisnes.cl\/web\/index.php\/wp-json\/wp\/v2\/users\/2"}],"replies":[{"embeddable":true,"href":"https:\/\/escuelanidodecisnes.cl\/web\/index.php\/wp-json\/wp\/v2\/comments?post=10435"}],"version-history":[{"count":1,"href":"https:\/\/escuelanidodecisnes.cl\/web\/index.php\/wp-json\/wp\/v2\/posts\/10435\/revisions"}],"predecessor-version":[{"id":10440,"href":"https:\/\/escuelanidodecisnes.cl\/web\/index.php\/wp-json\/wp\/v2\/posts\/10435\/revisions\/10440"}],"wp:featuredmedia":[{"embeddable":true,"href":"https:\/\/escuelanidodecisnes.cl\/web\/index.php\/wp-json\/wp\/v2\/media\/10439"}],"wp:attachment":[{"href":"https:\/\/escuelanidodecisnes.cl\/web\/index.php\/wp-json\/wp\/v2\/media?parent=10435"}],"wp:term":[{"taxonomy":"category","embeddable":true,"href":"https:\/\/escuelanidodecisnes.cl\/web\/index.php\/wp-json\/wp\/v2\/categories?post=10435"},{"taxonomy":"post_tag","embeddable":true,"href":"https:\/\/escuelanidodecisnes.cl\/web\/index.php\/wp-json\/wp\/v2\/tags?post=10435"}],"curies":[{"name":"wp","href":"https:\/\/api.w.org\/{rel}","templated":true}]}}