{"id":1039,"date":"2016-10-20T10:53:15","date_gmt":"2016-10-20T13:53:15","guid":{"rendered":"http:\/\/escuelanidodecisnes.cl\/web\/?p=1039"},"modified":"2016-10-20T10:53:15","modified_gmt":"2016-10-20T13:53:15","slug":"trabajando-la-expresion-corporal","status":"publish","type":"post","link":"https:\/\/escuelanidodecisnes.cl\/web\/index.php\/2016\/10\/20\/trabajando-la-expresion-corporal\/","title":{"rendered":"Trabajando la expresi\u00f3n corporal"},"content":{"rendered":"<p>En la asignatura de Educaci\u00f3n Musical, los alumnos de 8\u00b0 b\u00e1sico de la escuela Nido de Cisnes, tuvieron la oportunidad de demostrar su gusto por la m\u00fasica a trav\u00e9s del baile. Desarrollar la expresi\u00f3n corporal es muy importante para la t\u00eda Josselyn Guerrero, responsable de esta clase, quien destac\u00f3 que los alumnos se organizaron en grupo de 4 \u00f3 5, y deb\u00edan planificar un esquema de baile con la canci\u00f3n \u201cLa bicicleta\u201d.<\/p>\n<p>\u201cEl objetivo fue tener una clase alegre y entretenida, que los alumnos salgan de la rutina y disfrutaran el momento. La idea fue que se liberaran y volvieran a ser ni\u00f1os peque\u00f1os de nuevo\u201d, coment\u00f3 la profesora.<\/p>\n<p><em><strong>Por Pabla Lagos y Maite Hurtado<\/strong><\/em><\/p>\n<p><em><strong>(Reporteras escolares \/ Taller de Periodismo)<\/strong><\/em><\/p>\n\n\t\t<style type=\"text\/css\">\n\t\t\t#gallery-1 {\n\t\t\t\tmargin: auto;\n\t\t\t}\n\t\t\t#gallery-1 .gallery-item {\n\t\t\t\tfloat: left;\n\t\t\t\tmargin-top: 10px;\n\t\t\t\ttext-align: center;\n\t\t\t\twidth: 33%;\n\t\t\t}\n\t\t\t#gallery-1 img {\n\t\t\t\tborder: 2px solid #cfcfcf;\n\t\t\t}\n\t\t\t#gallery-1 .gallery-caption {\n\t\t\t\tmargin-left: 0;\n\t\t\t}\n\t\t\t\/* see gallery_shortcode() in wp-includes\/media.php *\/\n\t\t<\/style>\n\t\t<div id='gallery-1' class='gallery galleryid-1039 gallery-columns-3 gallery-size-medium'><dl class='gallery-item'>\n\t\t\t<dt class='gallery-icon landscape'>\n\t\t\t\t<a href='https:\/\/escuelanidodecisnes.cl\/web\/wp-content\/uploads\/2016\/10\/unnamed1-4.jpg'><img width=\"300\" height=\"169\" src=\"https:\/\/escuelanidodecisnes.cl\/web\/wp-content\/uploads\/2016\/10\/unnamed1-4-300x169.jpg\" class=\"attachment-medium size-medium\" alt=\"\" loading=\"lazy\" srcset=\"https:\/\/escuelanidodecisnes.cl\/web\/wp-content\/uploads\/2016\/10\/unnamed1-4-300x169.jpg 300w, https:\/\/escuelanidodecisnes.cl\/web\/wp-content\/uploads\/2016\/10\/unnamed1-4.jpg 869w\" sizes=\"(max-width: 300px) 100vw, 300px\" \/><\/a>\n\t\t\t<\/dt><\/dl><dl class='gallery-item'>\n\t\t\t<dt class='gallery-icon landscape'>\n\t\t\t\t<a href='https:\/\/escuelanidodecisnes.cl\/web\/wp-content\/uploads\/2016\/10\/unnamed2-6.jpg'><img width=\"300\" height=\"219\" src=\"https:\/\/escuelanidodecisnes.cl\/web\/wp-content\/uploads\/2016\/10\/unnamed2-6-300x219.jpg\" class=\"attachment-medium size-medium\" alt=\"\" loading=\"lazy\" srcset=\"https:\/\/escuelanidodecisnes.cl\/web\/wp-content\/uploads\/2016\/10\/unnamed2-6-300x219.jpg 300w, https:\/\/escuelanidodecisnes.cl\/web\/wp-content\/uploads\/2016\/10\/unnamed2-6.jpg 558w\" sizes=\"(max-width: 300px) 100vw, 300px\" \/><\/a>\n\t\t\t<\/dt><\/dl><dl class='gallery-item'>\n\t\t\t<dt class='gallery-icon landscape'>\n\t\t\t\t<a href='https:\/\/escuelanidodecisnes.cl\/web\/wp-content\/uploads\/2016\/10\/unnamed3-6.jpg'><img width=\"300\" height=\"226\" src=\"https:\/\/escuelanidodecisnes.cl\/web\/wp-content\/uploads\/2016\/10\/unnamed3-6-300x226.jpg\" class=\"attachment-medium size-medium\" alt=\"\" loading=\"lazy\" srcset=\"https:\/\/escuelanidodecisnes.cl\/web\/wp-content\/uploads\/2016\/10\/unnamed3-6-300x226.jpg 300w, https:\/\/escuelanidodecisnes.cl\/web\/wp-content\/uploads\/2016\/10\/unnamed3-6.jpg 484w\" sizes=\"(max-width: 300px) 100vw, 300px\" \/><\/a>\n\t\t\t<\/dt><\/dl><br style=\"clear: both\" \/><dl class='gallery-item'>\n\t\t\t<dt class='gallery-icon landscape'>\n\t\t\t\t<a href='https:\/\/escuelanidodecisnes.cl\/web\/wp-content\/uploads\/2016\/10\/unnamed4-6.jpg'><img width=\"300\" height=\"240\" src=\"https:\/\/escuelanidodecisnes.cl\/web\/wp-content\/uploads\/2016\/10\/unnamed4-6-300x240.jpg\" class=\"attachment-medium size-medium\" alt=\"\" loading=\"lazy\" srcset=\"https:\/\/escuelanidodecisnes.cl\/web\/wp-content\/uploads\/2016\/10\/unnamed4-6-300x240.jpg 300w, https:\/\/escuelanidodecisnes.cl\/web\/wp-content\/uploads\/2016\/10\/unnamed4-6.jpg 496w\" sizes=\"(max-width: 300px) 100vw, 300px\" \/><\/a>\n\t\t\t<\/dt><\/dl><dl class='gallery-item'>\n\t\t\t<dt class='gallery-icon landscape'>\n\t\t\t\t<a href='https:\/\/escuelanidodecisnes.cl\/web\/wp-content\/uploads\/2016\/10\/unnamed7-4.jpg'><img width=\"300\" height=\"248\" src=\"https:\/\/escuelanidodecisnes.cl\/web\/wp-content\/uploads\/2016\/10\/unnamed7-4-300x248.jpg\" class=\"attachment-medium size-medium\" alt=\"\" loading=\"lazy\" srcset=\"https:\/\/escuelanidodecisnes.cl\/web\/wp-content\/uploads\/2016\/10\/unnamed7-4-300x248.jpg 300w, https:\/\/escuelanidodecisnes.cl\/web\/wp-content\/uploads\/2016\/10\/unnamed7-4.jpg 446w\" sizes=\"(max-width: 300px) 100vw, 300px\" \/><\/a>\n\t\t\t<\/dt><\/dl><dl class='gallery-item'>\n\t\t\t<dt class='gallery-icon landscape'>\n\t\t\t\t<a href='https:\/\/escuelanidodecisnes.cl\/web\/wp-content\/uploads\/2016\/10\/unnamed8-3.jpg'><img width=\"300\" height=\"221\" src=\"https:\/\/escuelanidodecisnes.cl\/web\/wp-content\/uploads\/2016\/10\/unnamed8-3-300x221.jpg\" class=\"attachment-medium size-medium\" alt=\"\" loading=\"lazy\" srcset=\"https:\/\/escuelanidodecisnes.cl\/web\/wp-content\/uploads\/2016\/10\/unnamed8-3-300x221.jpg 300w, https:\/\/escuelanidodecisnes.cl\/web\/wp-content\/uploads\/2016\/10\/unnamed8-3.jpg 600w\" sizes=\"(max-width: 300px) 100vw, 300px\" \/><\/a>\n\t\t\t<\/dt><\/dl><br style=\"clear: both\" \/>\n\t\t<\/div>\n\n","protected":false},"excerpt":{"rendered":"<p>En la asignatura de Educaci\u00f3n Musical, los alumnos de 8\u00b0 b\u00e1sico de la escuela Nido de Cisnes, tuvieron la oportunidad de demostrar su gusto por la m\u00fasica a trav\u00e9s del baile. Desarrollar la expresi\u00f3n corporal es muy importante para la t\u00eda Josselyn Guerrero, responsable de esta clase, quien destac\u00f3 que los alumnos se organizaron en [&hellip;]<\/p>\n","protected":false},"author":2,"featured_media":1044,"comment_status":"open","ping_status":"open","sticky":false,"template":"","format":"standard","meta":[],"categories":[4],"tags":[55,7,46],"_links":{"self":[{"href":"https:\/\/escuelanidodecisnes.cl\/web\/index.php\/wp-json\/wp\/v2\/posts\/1039"}],"collection":[{"href":"https:\/\/escuelanidodecisnes.cl\/web\/index.php\/wp-json\/wp\/v2\/posts"}],"about":[{"href":"https:\/\/escuelanidodecisnes.cl\/web\/index.php\/wp-json\/wp\/v2\/types\/post"}],"author":[{"embeddable":true,"href":"https:\/\/escuelanidodecisnes.cl\/web\/index.php\/wp-json\/wp\/v2\/users\/2"}],"replies":[{"embeddable":true,"href":"https:\/\/escuelanidodecisnes.cl\/web\/index.php\/wp-json\/wp\/v2\/comments?post=1039"}],"version-history":[{"count":1,"href":"https:\/\/escuelanidodecisnes.cl\/web\/index.php\/wp-json\/wp\/v2\/posts\/1039\/revisions"}],"predecessor-version":[{"id":1046,"href":"https:\/\/escuelanidodecisnes.cl\/web\/index.php\/wp-json\/wp\/v2\/posts\/1039\/revisions\/1046"}],"wp:featuredmedia":[{"embeddable":true,"href":"https:\/\/escuelanidodecisnes.cl\/web\/index.php\/wp-json\/wp\/v2\/media\/1044"}],"wp:attachment":[{"href":"https:\/\/escuelanidodecisnes.cl\/web\/index.php\/wp-json\/wp\/v2\/media?parent=1039"}],"wp:term":[{"taxonomy":"category","embeddable":true,"href":"https:\/\/escuelanidodecisnes.cl\/web\/index.php\/wp-json\/wp\/v2\/categories?post=1039"},{"taxonomy":"post_tag","embeddable":true,"href":"https:\/\/escuelanidodecisnes.cl\/web\/index.php\/wp-json\/wp\/v2\/tags?post=1039"}],"curies":[{"name":"wp","href":"https:\/\/api.w.org\/{rel}","templated":true}]}}