{"id":7276,"date":"2019-05-28T21:48:15","date_gmt":"2019-05-29T00:48:15","guid":{"rendered":"http:\/\/escuelanidodecisnes.cl\/web\/?p=7276"},"modified":"2019-05-28T21:53:25","modified_gmt":"2019-05-29T00:53:25","slug":"innovador-proyecto-ecologico","status":"publish","type":"post","link":"http:\/\/escuelanidodecisnes.cl\/web\/index.php\/2019\/05\/28\/innovador-proyecto-ecologico\/","title":{"rendered":"Innovador proyecto ecol\u00f3gico"},"content":{"rendered":"<p style=\"text-align: left;\">La comunidad escolar del Nido de Cisnes est\u00e1 trabajando en un proyecto innovador y amigable con nuestro medio ambiente, se trata de una Aula Sustentable al Aire Libre, proyecto que est\u00e1\u00a0 a cargo de Convivencia Escolar, el PIE y el Centro de Alumnos. Seg\u00fan nuestra psic\u00f3loga, Marianela Mansilla, la idea es que esta aula sea levantada con ladrillos ecol\u00f3gicos, los que son botellas pl\u00e1sticas desechables rellenas con papel. Para ello solicitan todo el apoyo de la comunidad escolar, en una campa\u00f1a en la que se intentar\u00e1 reunir la mayor cantidad de botellas reutilizables. Por \u00faltimo, esta Aula Sustentable, tiene plazo de construcci\u00f3n hasta fines de a\u00f1o, porque en esas fechas el clima ser\u00e1 m\u00e1s favorable.<\/p>\n<p><strong><em>Por Sebasti\u00e1n K\u00e4chele y Monserrat Soto<\/em><\/strong><\/p>\n<p><strong><em>(Reporteros escolares \/ Taller Periodismo)<\/em><\/strong><\/p>\n<p><img loading=\"lazy\" class=\"alignnone size-medium wp-image-7277\" src=\"http:\/\/escuelanidodecisnes.cl\/web\/wp-content\/uploads\/2019\/05\/IMG_5988-225x300.png\" alt=\"IMG_5988\" width=\"225\" height=\"300\" srcset=\"http:\/\/escuelanidodecisnes.cl\/web\/wp-content\/uploads\/2019\/05\/IMG_5988-225x300.png 225w, http:\/\/escuelanidodecisnes.cl\/web\/wp-content\/uploads\/2019\/05\/IMG_5988.png 623w\" sizes=\"(max-width: 225px) 100vw, 225px\" \/><\/p>\n<p>&nbsp;<\/p>\n","protected":false},"excerpt":{"rendered":"<p>La comunidad escolar del Nido de Cisnes est\u00e1 trabajando en un proyecto innovador y amigable con nuestro medio ambiente, se trata de una Aula Sustentable al Aire Libre, proyecto que est\u00e1\u00a0 a cargo de Convivencia Escolar, el PIE y el Centro de Alumnos. Seg\u00fan nuestra psic\u00f3loga, Marianela Mansilla, la idea es que esta aula sea [&hellip;]<\/p>\n","protected":false},"author":2,"featured_media":7277,"comment_status":"open","ping_status":"open","sticky":false,"template":"","format":"standard","meta":[],"categories":[4],"tags":[11,93,7,30,5,82,35],"_links":{"self":[{"href":"http:\/\/escuelanidodecisnes.cl\/web\/index.php\/wp-json\/wp\/v2\/posts\/7276"}],"collection":[{"href":"http:\/\/escuelanidodecisnes.cl\/web\/index.php\/wp-json\/wp\/v2\/posts"}],"about":[{"href":"http:\/\/escuelanidodecisnes.cl\/web\/index.php\/wp-json\/wp\/v2\/types\/post"}],"author":[{"embeddable":true,"href":"http:\/\/escuelanidodecisnes.cl\/web\/index.php\/wp-json\/wp\/v2\/users\/2"}],"replies":[{"embeddable":true,"href":"http:\/\/escuelanidodecisnes.cl\/web\/index.php\/wp-json\/wp\/v2\/comments?post=7276"}],"version-history":[{"count":2,"href":"http:\/\/escuelanidodecisnes.cl\/web\/index.php\/wp-json\/wp\/v2\/posts\/7276\/revisions"}],"predecessor-version":[{"id":7279,"href":"http:\/\/escuelanidodecisnes.cl\/web\/index.php\/wp-json\/wp\/v2\/posts\/7276\/revisions\/7279"}],"wp:featuredmedia":[{"embeddable":true,"href":"http:\/\/escuelanidodecisnes.cl\/web\/index.php\/wp-json\/wp\/v2\/media\/7277"}],"wp:attachment":[{"href":"http:\/\/escuelanidodecisnes.cl\/web\/index.php\/wp-json\/wp\/v2\/media?parent=7276"}],"wp:term":[{"taxonomy":"category","embeddable":true,"href":"http:\/\/escuelanidodecisnes.cl\/web\/index.php\/wp-json\/wp\/v2\/categories?post=7276"},{"taxonomy":"post_tag","embeddable":true,"href":"http:\/\/escuelanidodecisnes.cl\/web\/index.php\/wp-json\/wp\/v2\/tags?post=7276"}],"curies":[{"name":"wp","href":"https:\/\/api.w.org\/{rel}","templated":true}]}}