{"id":5912,"date":"2018-10-24T23:02:01","date_gmt":"2018-10-25T02:02:01","guid":{"rendered":"http:\/\/escuelanidodecisnes.cl\/web\/?p=5912"},"modified":"2018-10-24T23:02:48","modified_gmt":"2018-10-25T02:02:48","slug":"tarde-de-cine-para-2-basico","status":"publish","type":"post","link":"http:\/\/escuelanidodecisnes.cl\/web\/index.php\/2018\/10\/24\/tarde-de-cine-para-2-basico\/","title":{"rendered":"Tarde de cine para 2\u00b0 b\u00e1sico"},"content":{"rendered":"<p>Una entretenida tarde de cine tuvieron los alumnos del 2\u00b0 b\u00e1sico de la Escuela Nido de Cisnes, al resultar el curso premiado por la mejor ornamentaci\u00f3n para Fiestas Patrias. Este concurso lo organiz\u00f3 el Centro de Estudiantes, con el objetivo de valorar la motivaci\u00f3n y dedicaci\u00f3n al decorar sus salas de clases. Se proyect\u00f3 la pel\u00edcula \u201cOl\u00e9, el viaje de Ferdinand\u201d, adem\u00e1s de degustar de pie de lim\u00f3n y bebida. Se espera que la comunidad escolar siga participando en este tipo de actividades que los\u00a0integran\u00a0a todos.<\/p>\n\n\t\t<style type=\"text\/css\">\n\t\t\t#gallery-1 {\n\t\t\t\tmargin: auto;\n\t\t\t}\n\t\t\t#gallery-1 .gallery-item {\n\t\t\t\tfloat: left;\n\t\t\t\tmargin-top: 10px;\n\t\t\t\ttext-align: center;\n\t\t\t\twidth: 33%;\n\t\t\t}\n\t\t\t#gallery-1 img {\n\t\t\t\tborder: 2px solid #cfcfcf;\n\t\t\t}\n\t\t\t#gallery-1 .gallery-caption {\n\t\t\t\tmargin-left: 0;\n\t\t\t}\n\t\t\t\/* see gallery_shortcode() in wp-includes\/media.php *\/\n\t\t<\/style>\n\t\t<div id='gallery-1' class='gallery galleryid-5912 gallery-columns-3 gallery-size-medium'><dl class='gallery-item'>\n\t\t\t<dt class='gallery-icon landscape'>\n\t\t\t\t<a href='http:\/\/escuelanidodecisnes.cl\/web\/wp-content\/uploads\/2018\/10\/GUDQ5423.jpg'><img width=\"300\" height=\"225\" src=\"http:\/\/escuelanidodecisnes.cl\/web\/wp-content\/uploads\/2018\/10\/GUDQ5423-300x225.jpg\" class=\"attachment-medium size-medium\" alt=\"\" loading=\"lazy\" srcset=\"http:\/\/escuelanidodecisnes.cl\/web\/wp-content\/uploads\/2018\/10\/GUDQ5423-300x225.jpg 300w, http:\/\/escuelanidodecisnes.cl\/web\/wp-content\/uploads\/2018\/10\/GUDQ5423-1024x768.jpg 1024w, http:\/\/escuelanidodecisnes.cl\/web\/wp-content\/uploads\/2018\/10\/GUDQ5423.jpg 1032w\" sizes=\"(max-width: 300px) 100vw, 300px\" \/><\/a>\n\t\t\t<\/dt><\/dl><dl class='gallery-item'>\n\t\t\t<dt class='gallery-icon landscape'>\n\t\t\t\t<a href='http:\/\/escuelanidodecisnes.cl\/web\/wp-content\/uploads\/2018\/10\/OYIR0704.jpg'><img width=\"300\" height=\"225\" src=\"http:\/\/escuelanidodecisnes.cl\/web\/wp-content\/uploads\/2018\/10\/OYIR0704-300x225.jpg\" class=\"attachment-medium size-medium\" alt=\"\" loading=\"lazy\" srcset=\"http:\/\/escuelanidodecisnes.cl\/web\/wp-content\/uploads\/2018\/10\/OYIR0704-300x225.jpg 300w, http:\/\/escuelanidodecisnes.cl\/web\/wp-content\/uploads\/2018\/10\/OYIR0704-1024x768.jpg 1024w, http:\/\/escuelanidodecisnes.cl\/web\/wp-content\/uploads\/2018\/10\/OYIR0704.jpg 1032w\" sizes=\"(max-width: 300px) 100vw, 300px\" \/><\/a>\n\t\t\t<\/dt><\/dl><dl class='gallery-item'>\n\t\t\t<dt class='gallery-icon landscape'>\n\t\t\t\t<a href='http:\/\/escuelanidodecisnes.cl\/web\/wp-content\/uploads\/2018\/10\/NGTJ6486.jpg'><img width=\"300\" height=\"225\" src=\"http:\/\/escuelanidodecisnes.cl\/web\/wp-content\/uploads\/2018\/10\/NGTJ6486-300x225.jpg\" class=\"attachment-medium size-medium\" alt=\"\" loading=\"lazy\" srcset=\"http:\/\/escuelanidodecisnes.cl\/web\/wp-content\/uploads\/2018\/10\/NGTJ6486-300x225.jpg 300w, http:\/\/escuelanidodecisnes.cl\/web\/wp-content\/uploads\/2018\/10\/NGTJ6486-1024x768.jpg 1024w, http:\/\/escuelanidodecisnes.cl\/web\/wp-content\/uploads\/2018\/10\/NGTJ6486.jpg 1032w\" sizes=\"(max-width: 300px) 100vw, 300px\" \/><\/a>\n\t\t\t<\/dt><\/dl><br style=\"clear: both\" \/><dl class='gallery-item'>\n\t\t\t<dt class='gallery-icon landscape'>\n\t\t\t\t<a href='http:\/\/escuelanidodecisnes.cl\/web\/wp-content\/uploads\/2018\/10\/OJEO4264.jpg'><img width=\"300\" height=\"225\" src=\"http:\/\/escuelanidodecisnes.cl\/web\/wp-content\/uploads\/2018\/10\/OJEO4264-300x225.jpg\" class=\"attachment-medium size-medium\" alt=\"\" loading=\"lazy\" srcset=\"http:\/\/escuelanidodecisnes.cl\/web\/wp-content\/uploads\/2018\/10\/OJEO4264-300x225.jpg 300w, http:\/\/escuelanidodecisnes.cl\/web\/wp-content\/uploads\/2018\/10\/OJEO4264-1024x768.jpg 1024w, http:\/\/escuelanidodecisnes.cl\/web\/wp-content\/uploads\/2018\/10\/OJEO4264.jpg 1032w\" sizes=\"(max-width: 300px) 100vw, 300px\" \/><\/a>\n\t\t\t<\/dt><\/dl><dl class='gallery-item'>\n\t\t\t<dt class='gallery-icon landscape'>\n\t\t\t\t<a href='http:\/\/escuelanidodecisnes.cl\/web\/wp-content\/uploads\/2018\/10\/PTQK7028.jpg'><img width=\"300\" height=\"285\" src=\"http:\/\/escuelanidodecisnes.cl\/web\/wp-content\/uploads\/2018\/10\/PTQK7028-300x285.jpg\" class=\"attachment-medium size-medium\" alt=\"\" loading=\"lazy\" srcset=\"http:\/\/escuelanidodecisnes.cl\/web\/wp-content\/uploads\/2018\/10\/PTQK7028-300x285.jpg 300w, http:\/\/escuelanidodecisnes.cl\/web\/wp-content\/uploads\/2018\/10\/PTQK7028.jpg 814w\" sizes=\"(max-width: 300px) 100vw, 300px\" \/><\/a>\n\t\t\t<\/dt><\/dl><dl class='gallery-item'>\n\t\t\t<dt class='gallery-icon landscape'>\n\t\t\t\t<a href='http:\/\/escuelanidodecisnes.cl\/web\/wp-content\/uploads\/2018\/10\/ROIN0224.jpg'><img width=\"300\" height=\"225\" src=\"http:\/\/escuelanidodecisnes.cl\/web\/wp-content\/uploads\/2018\/10\/ROIN0224-300x225.jpg\" class=\"attachment-medium size-medium\" alt=\"\" loading=\"lazy\" srcset=\"http:\/\/escuelanidodecisnes.cl\/web\/wp-content\/uploads\/2018\/10\/ROIN0224-300x225.jpg 300w, http:\/\/escuelanidodecisnes.cl\/web\/wp-content\/uploads\/2018\/10\/ROIN0224-1024x768.jpg 1024w, http:\/\/escuelanidodecisnes.cl\/web\/wp-content\/uploads\/2018\/10\/ROIN0224.jpg 1032w\" sizes=\"(max-width: 300px) 100vw, 300px\" \/><\/a>\n\t\t\t<\/dt><\/dl><br style=\"clear: both\" \/>\n\t\t<\/div>\n\n","protected":false},"excerpt":{"rendered":"<p>Una entretenida tarde de cine tuvieron los alumnos del 2\u00b0 b\u00e1sico de la Escuela Nido de Cisnes, al resultar el curso premiado por la mejor ornamentaci\u00f3n para Fiestas Patrias. Este concurso lo organiz\u00f3 el Centro de Estudiantes, con el objetivo de valorar la motivaci\u00f3n y dedicaci\u00f3n al decorar sus salas de clases. Se proyect\u00f3 la [&hellip;]<\/p>\n","protected":false},"author":2,"featured_media":5918,"comment_status":"open","ping_status":"open","sticky":false,"template":"","format":"standard","meta":[],"categories":[4],"tags":[11,93,7],"_links":{"self":[{"href":"http:\/\/escuelanidodecisnes.cl\/web\/index.php\/wp-json\/wp\/v2\/posts\/5912"}],"collection":[{"href":"http:\/\/escuelanidodecisnes.cl\/web\/index.php\/wp-json\/wp\/v2\/posts"}],"about":[{"href":"http:\/\/escuelanidodecisnes.cl\/web\/index.php\/wp-json\/wp\/v2\/types\/post"}],"author":[{"embeddable":true,"href":"http:\/\/escuelanidodecisnes.cl\/web\/index.php\/wp-json\/wp\/v2\/users\/2"}],"replies":[{"embeddable":true,"href":"http:\/\/escuelanidodecisnes.cl\/web\/index.php\/wp-json\/wp\/v2\/comments?post=5912"}],"version-history":[{"count":2,"href":"http:\/\/escuelanidodecisnes.cl\/web\/index.php\/wp-json\/wp\/v2\/posts\/5912\/revisions"}],"predecessor-version":[{"id":5920,"href":"http:\/\/escuelanidodecisnes.cl\/web\/index.php\/wp-json\/wp\/v2\/posts\/5912\/revisions\/5920"}],"wp:featuredmedia":[{"embeddable":true,"href":"http:\/\/escuelanidodecisnes.cl\/web\/index.php\/wp-json\/wp\/v2\/media\/5918"}],"wp:attachment":[{"href":"http:\/\/escuelanidodecisnes.cl\/web\/index.php\/wp-json\/wp\/v2\/media?parent=5912"}],"wp:term":[{"taxonomy":"category","embeddable":true,"href":"http:\/\/escuelanidodecisnes.cl\/web\/index.php\/wp-json\/wp\/v2\/categories?post=5912"},{"taxonomy":"post_tag","embeddable":true,"href":"http:\/\/escuelanidodecisnes.cl\/web\/index.php\/wp-json\/wp\/v2\/tags?post=5912"}],"curies":[{"name":"wp","href":"https:\/\/api.w.org\/{rel}","templated":true}]}}