{"id":11965,"date":"2024-09-01T23:22:07","date_gmt":"2024-09-02T02:22:07","guid":{"rendered":"https:\/\/escuelanidodecisnes.cl\/web\/?p=11965"},"modified":"2024-09-01T23:22:07","modified_gmt":"2024-09-02T02:22:07","slug":"capacitacion-en-convivencia-escolar-2","status":"publish","type":"post","link":"http:\/\/escuelanidodecisnes.cl\/web\/index.php\/2024\/09\/01\/capacitacion-en-convivencia-escolar-2\/","title":{"rendered":"Capacitaci\u00f3n en Convivencia Escolar"},"content":{"rendered":"\n<div dir=\"auto\">Una interesante capacitaci\u00f3n en Protocolos de actuaci\u00f3n en la Convivencia Escolar, se desarroll\u00f3 hoy en nuestro colegio.<\/div>\n<div dir=\"auto\">Esta charla fue dictada por la doctora en educaci\u00f3n, Karla Almonacid y estuvo dirigida a profesores y asistentes de la educaci\u00f3n. La actividad entreg\u00f3 informaci\u00f3n relevante sobre los Deberes y Derechos de Padres y Apoderados, y conocer estrategias y protocolos de actuaci\u00f3n frente a situaciones de riesgo o vulneracion de derechos.<\/div>\n<div dir=\"auto\"><img loading=\"lazy\" class=\"alignnone size-medium wp-image-11966\" src=\"http:\/\/escuelanidodecisnes.cl\/web\/wp-content\/uploads\/2024\/09\/457472620_1013739617422773_6730818074680561222_n-300x225.jpg\" alt=\"\" width=\"300\" height=\"225\" srcset=\"http:\/\/escuelanidodecisnes.cl\/web\/wp-content\/uploads\/2024\/09\/457472620_1013739617422773_6730818074680561222_n-300x225.jpg 300w, http:\/\/escuelanidodecisnes.cl\/web\/wp-content\/uploads\/2024\/09\/457472620_1013739617422773_6730818074680561222_n-1024x768.jpg 1024w, http:\/\/escuelanidodecisnes.cl\/web\/wp-content\/uploads\/2024\/09\/457472620_1013739617422773_6730818074680561222_n-1536x1152.jpg 1536w, http:\/\/escuelanidodecisnes.cl\/web\/wp-content\/uploads\/2024\/09\/457472620_1013739617422773_6730818074680561222_n.jpg 2048w\" sizes=\"(max-width: 300px) 100vw, 300px\" \/> <img loading=\"lazy\" class=\"alignnone size-medium wp-image-11967\" src=\"http:\/\/escuelanidodecisnes.cl\/web\/wp-content\/uploads\/2024\/09\/20240829_151135-300x225.jpg\" alt=\"\" width=\"300\" height=\"225\" srcset=\"http:\/\/escuelanidodecisnes.cl\/web\/wp-content\/uploads\/2024\/09\/20240829_151135-300x225.jpg 300w, http:\/\/escuelanidodecisnes.cl\/web\/wp-content\/uploads\/2024\/09\/20240829_151135-1024x768.jpg 1024w, http:\/\/escuelanidodecisnes.cl\/web\/wp-content\/uploads\/2024\/09\/20240829_151135-1536x1152.jpg 1536w, http:\/\/escuelanidodecisnes.cl\/web\/wp-content\/uploads\/2024\/09\/20240829_151135-2048x1536.jpg 2048w\" sizes=\"(max-width: 300px) 100vw, 300px\" \/> <img loading=\"lazy\" class=\"alignnone size-medium wp-image-11968\" src=\"http:\/\/escuelanidodecisnes.cl\/web\/wp-content\/uploads\/2024\/09\/20240829_151344-300x225.jpg\" alt=\"\" width=\"300\" height=\"225\" srcset=\"http:\/\/escuelanidodecisnes.cl\/web\/wp-content\/uploads\/2024\/09\/20240829_151344-300x225.jpg 300w, http:\/\/escuelanidodecisnes.cl\/web\/wp-content\/uploads\/2024\/09\/20240829_151344-1024x768.jpg 1024w, http:\/\/escuelanidodecisnes.cl\/web\/wp-content\/uploads\/2024\/09\/20240829_151344-1536x1152.jpg 1536w, http:\/\/escuelanidodecisnes.cl\/web\/wp-content\/uploads\/2024\/09\/20240829_151344-2048x1536.jpg 2048w\" sizes=\"(max-width: 300px) 100vw, 300px\" \/> <img loading=\"lazy\" class=\"alignnone size-medium wp-image-11969\" src=\"http:\/\/escuelanidodecisnes.cl\/web\/wp-content\/uploads\/2024\/09\/20240829_150258-300x225.jpg\" alt=\"\" width=\"300\" height=\"225\" srcset=\"http:\/\/escuelanidodecisnes.cl\/web\/wp-content\/uploads\/2024\/09\/20240829_150258-300x225.jpg 300w, http:\/\/escuelanidodecisnes.cl\/web\/wp-content\/uploads\/2024\/09\/20240829_150258-1024x768.jpg 1024w, http:\/\/escuelanidodecisnes.cl\/web\/wp-content\/uploads\/2024\/09\/20240829_150258-1536x1152.jpg 1536w, http:\/\/escuelanidodecisnes.cl\/web\/wp-content\/uploads\/2024\/09\/20240829_150258-2048x1536.jpg 2048w\" sizes=\"(max-width: 300px) 100vw, 300px\" \/><\/div>\n","protected":false},"excerpt":{"rendered":"<p>Una interesante capacitaci\u00f3n en Protocolos de actuaci\u00f3n en la Convivencia Escolar, se desarroll\u00f3 hoy en nuestro colegio. Esta charla fue dictada por la doctora en educaci\u00f3n, Karla Almonacid y estuvo dirigida a profesores y asistentes de la educaci\u00f3n. La actividad entreg\u00f3 informaci\u00f3n relevante sobre los Deberes y Derechos de Padres y Apoderados, y conocer estrategias [&hellip;]<\/p>\n","protected":false},"author":2,"featured_media":11970,"comment_status":"open","ping_status":"open","sticky":false,"template":"","format":"standard","meta":[],"categories":[4],"tags":[93,7,5],"_links":{"self":[{"href":"http:\/\/escuelanidodecisnes.cl\/web\/index.php\/wp-json\/wp\/v2\/posts\/11965"}],"collection":[{"href":"http:\/\/escuelanidodecisnes.cl\/web\/index.php\/wp-json\/wp\/v2\/posts"}],"about":[{"href":"http:\/\/escuelanidodecisnes.cl\/web\/index.php\/wp-json\/wp\/v2\/types\/post"}],"author":[{"embeddable":true,"href":"http:\/\/escuelanidodecisnes.cl\/web\/index.php\/wp-json\/wp\/v2\/users\/2"}],"replies":[{"embeddable":true,"href":"http:\/\/escuelanidodecisnes.cl\/web\/index.php\/wp-json\/wp\/v2\/comments?post=11965"}],"version-history":[{"count":1,"href":"http:\/\/escuelanidodecisnes.cl\/web\/index.php\/wp-json\/wp\/v2\/posts\/11965\/revisions"}],"predecessor-version":[{"id":11971,"href":"http:\/\/escuelanidodecisnes.cl\/web\/index.php\/wp-json\/wp\/v2\/posts\/11965\/revisions\/11971"}],"wp:featuredmedia":[{"embeddable":true,"href":"http:\/\/escuelanidodecisnes.cl\/web\/index.php\/wp-json\/wp\/v2\/media\/11970"}],"wp:attachment":[{"href":"http:\/\/escuelanidodecisnes.cl\/web\/index.php\/wp-json\/wp\/v2\/media?parent=11965"}],"wp:term":[{"taxonomy":"category","embeddable":true,"href":"http:\/\/escuelanidodecisnes.cl\/web\/index.php\/wp-json\/wp\/v2\/categories?post=11965"},{"taxonomy":"post_tag","embeddable":true,"href":"http:\/\/escuelanidodecisnes.cl\/web\/index.php\/wp-json\/wp\/v2\/tags?post=11965"}],"curies":[{"name":"wp","href":"https:\/\/api.w.org\/{rel}","templated":true}]}}