{"id":11653,"date":"2024-04-18T16:45:35","date_gmt":"2024-04-18T19:45:35","guid":{"rendered":"http:\/\/escuelanidodecisnes.cl\/web\/?p=11653"},"modified":"2024-04-18T16:45:35","modified_gmt":"2024-04-18T19:45:35","slug":"la-musica-en-nuestros-corazones","status":"publish","type":"post","link":"http:\/\/escuelanidodecisnes.cl\/web\/index.php\/2024\/04\/18\/la-musica-en-nuestros-corazones\/","title":{"rendered":"La m\u00fasica en nuestros corazones"},"content":{"rendered":"\n<p>En el curso s\u00e9ptimo b\u00e1sico, la profesora Josselyn Guerrero, encargada de la asignatura de M\u00fasica, invit\u00f3 a los alumnos a elaborar un collage inspirado en la canci\u00f3n de Los Bunkers \u201cNada nuevo bajo el sol\u201d. Los collages fueron realizados por los estudiantes de manera libre dejando a interpretaci\u00f3n propia la letra de la canci\u00f3n, permiti\u00e9ndoles elegir la estrofa que desearan representar en el collage. La profesora expres\u00f3 lo conforme que estaba al recibir los trabajos destacando su originalidad y mostr\u00e1ndose orgullosa con los resultados de la actividad y el comportamiento de los alumnos.<\/p>\n<p><strong><em>Por Sof\u00eda B\u00e1rcenas<\/em><\/strong><\/p>\n<p><strong><em>(Reportera escolar \/ Taller Periodismo)<\/em><\/strong><\/p>\n<p><img loading=\"lazy\" class=\"alignnone wp-image-11654\" src=\"http:\/\/escuelanidodecisnes.cl\/web\/wp-content\/uploads\/2024\/04\/IMG-20240415-WA0019-225x300.jpg\" alt=\"\" width=\"350\" height=\"467\" srcset=\"http:\/\/escuelanidodecisnes.cl\/web\/wp-content\/uploads\/2024\/04\/IMG-20240415-WA0019-225x300.jpg 225w, http:\/\/escuelanidodecisnes.cl\/web\/wp-content\/uploads\/2024\/04\/IMG-20240415-WA0019-768x1024.jpg 768w, http:\/\/escuelanidodecisnes.cl\/web\/wp-content\/uploads\/2024\/04\/IMG-20240415-WA0019-1152x1536.jpg 1152w, http:\/\/escuelanidodecisnes.cl\/web\/wp-content\/uploads\/2024\/04\/IMG-20240415-WA0019.jpg 1200w\" sizes=\"(max-width: 350px) 100vw, 350px\" \/>\u00a0 \u00a0 \u00a0 \u00a0 \u00a0 \u00a0<img loading=\"lazy\" class=\"alignnone wp-image-11655\" src=\"http:\/\/escuelanidodecisnes.cl\/web\/wp-content\/uploads\/2024\/04\/IMG-20240415-WA0021-300x225.jpg\" alt=\"\" width=\"400\" height=\"300\" srcset=\"http:\/\/escuelanidodecisnes.cl\/web\/wp-content\/uploads\/2024\/04\/IMG-20240415-WA0021-300x225.jpg 300w, http:\/\/escuelanidodecisnes.cl\/web\/wp-content\/uploads\/2024\/04\/IMG-20240415-WA0021-1024x768.jpg 1024w, http:\/\/escuelanidodecisnes.cl\/web\/wp-content\/uploads\/2024\/04\/IMG-20240415-WA0021-1536x1152.jpg 1536w, http:\/\/escuelanidodecisnes.cl\/web\/wp-content\/uploads\/2024\/04\/IMG-20240415-WA0021.jpg 1600w\" sizes=\"(max-width: 400px) 100vw, 400px\" \/> <img loading=\"lazy\" class=\"alignnone wp-image-11657\" src=\"http:\/\/escuelanidodecisnes.cl\/web\/wp-content\/uploads\/2024\/04\/IMG-20240415-WA0022-300x225.jpg\" alt=\"\" width=\"450\" height=\"338\" srcset=\"http:\/\/escuelanidodecisnes.cl\/web\/wp-content\/uploads\/2024\/04\/IMG-20240415-WA0022-300x225.jpg 300w, http:\/\/escuelanidodecisnes.cl\/web\/wp-content\/uploads\/2024\/04\/IMG-20240415-WA0022-1024x768.jpg 1024w, http:\/\/escuelanidodecisnes.cl\/web\/wp-content\/uploads\/2024\/04\/IMG-20240415-WA0022-1536x1152.jpg 1536w, http:\/\/escuelanidodecisnes.cl\/web\/wp-content\/uploads\/2024\/04\/IMG-20240415-WA0022.jpg 1600w\" sizes=\"(max-width: 450px) 100vw, 450px\" \/>\u00a0 \u00a0 \u00a0 \u00a0\u00a0 <img loading=\"lazy\" class=\"alignnone wp-image-11658\" src=\"http:\/\/escuelanidodecisnes.cl\/web\/wp-content\/uploads\/2024\/04\/IMG-20240415-WA0023-225x300.jpg\" alt=\"\" width=\"350\" height=\"467\" srcset=\"http:\/\/escuelanidodecisnes.cl\/web\/wp-content\/uploads\/2024\/04\/IMG-20240415-WA0023-225x300.jpg 225w, http:\/\/escuelanidodecisnes.cl\/web\/wp-content\/uploads\/2024\/04\/IMG-20240415-WA0023-768x1024.jpg 768w, http:\/\/escuelanidodecisnes.cl\/web\/wp-content\/uploads\/2024\/04\/IMG-20240415-WA0023-1152x1536.jpg 1152w, http:\/\/escuelanidodecisnes.cl\/web\/wp-content\/uploads\/2024\/04\/IMG-20240415-WA0023.jpg 1200w\" sizes=\"(max-width: 350px) 100vw, 350px\" \/><\/p>\n<p>\u00a0<\/p>\n","protected":false},"excerpt":{"rendered":"<p>En el curso s\u00e9ptimo b\u00e1sico, la profesora Josselyn Guerrero, encargada de la asignatura de M\u00fasica, invit\u00f3 a los alumnos a elaborar un collage inspirado en la canci\u00f3n de Los Bunkers \u201cNada nuevo bajo el sol\u201d. Los collages fueron realizados por los estudiantes de manera libre dejando a interpretaci\u00f3n propia la letra de la canci\u00f3n, permiti\u00e9ndoles [&hellip;]<\/p>\n","protected":false},"author":2,"featured_media":11659,"comment_status":"open","ping_status":"open","sticky":false,"template":"","format":"standard","meta":[],"categories":[4],"tags":[56,7,89,46,5],"_links":{"self":[{"href":"http:\/\/escuelanidodecisnes.cl\/web\/index.php\/wp-json\/wp\/v2\/posts\/11653"}],"collection":[{"href":"http:\/\/escuelanidodecisnes.cl\/web\/index.php\/wp-json\/wp\/v2\/posts"}],"about":[{"href":"http:\/\/escuelanidodecisnes.cl\/web\/index.php\/wp-json\/wp\/v2\/types\/post"}],"author":[{"embeddable":true,"href":"http:\/\/escuelanidodecisnes.cl\/web\/index.php\/wp-json\/wp\/v2\/users\/2"}],"replies":[{"embeddable":true,"href":"http:\/\/escuelanidodecisnes.cl\/web\/index.php\/wp-json\/wp\/v2\/comments?post=11653"}],"version-history":[{"count":1,"href":"http:\/\/escuelanidodecisnes.cl\/web\/index.php\/wp-json\/wp\/v2\/posts\/11653\/revisions"}],"predecessor-version":[{"id":11660,"href":"http:\/\/escuelanidodecisnes.cl\/web\/index.php\/wp-json\/wp\/v2\/posts\/11653\/revisions\/11660"}],"wp:featuredmedia":[{"embeddable":true,"href":"http:\/\/escuelanidodecisnes.cl\/web\/index.php\/wp-json\/wp\/v2\/media\/11659"}],"wp:attachment":[{"href":"http:\/\/escuelanidodecisnes.cl\/web\/index.php\/wp-json\/wp\/v2\/media?parent=11653"}],"wp:term":[{"taxonomy":"category","embeddable":true,"href":"http:\/\/escuelanidodecisnes.cl\/web\/index.php\/wp-json\/wp\/v2\/categories?post=11653"},{"taxonomy":"post_tag","embeddable":true,"href":"http:\/\/escuelanidodecisnes.cl\/web\/index.php\/wp-json\/wp\/v2\/tags?post=11653"}],"curies":[{"name":"wp","href":"https:\/\/api.w.org\/{rel}","templated":true}]}}