{"id":11629,"date":"2024-04-09T20:37:59","date_gmt":"2024-04-09T23:37:59","guid":{"rendered":"http:\/\/escuelanidodecisnes.cl\/web\/?p=11629"},"modified":"2024-04-09T20:37:59","modified_gmt":"2024-04-09T23:37:59","slug":"teoria-de-las-celulas-en-la-historia","status":"publish","type":"post","link":"http:\/\/escuelanidodecisnes.cl\/web\/index.php\/2024\/04\/09\/teoria-de-las-celulas-en-la-historia\/","title":{"rendered":"Teor\u00eda de las c\u00e9lulas en la historia"},"content":{"rendered":"\n<p>En nuestro colegio los alumnos de octavo a\u00f1o b\u00e1sico realizaron una actividad con la profesora Josselyn Guerrero en Ciencias Naturales, en la unidad \u201cOrganismo, ambiente y c\u00e9lula\u201d, en la que iniciaron una l\u00ednea de tiempo sobre la teor\u00eda de las c\u00e9lulas.<\/p>\n<p>Esta actividad consist\u00eda en buscar informaci\u00f3n de investigadores que ayudaron con los descubrimientos de las c\u00e9lulas, poner sus nombres, im\u00e1genes o dibujos y poner los a\u00f1os en los que hicieron los descubrimientos.<\/p>\n<p>La profesora Josselyn Guerrero se\u00f1al\u00f3 estar feliz y sorprendida con los trabajos pues hubo mucha diversidad y creatividad de por medio, ya que cada alumno le dio su toque personal a su trabajo.<\/p>\n<p><strong><em>Por Lisset Ruiz y Abigail Ba\u00f1ados<\/em><\/strong><\/p>\n<p><strong><em>(Reporteras escolares \/ Taller Periodismo)<\/em><\/strong><\/p>\n<p><img loading=\"lazy\" class=\"alignnone wp-image-11630\" src=\"http:\/\/escuelanidodecisnes.cl\/web\/wp-content\/uploads\/2024\/04\/IMG-20240404-WA0007-275x300.jpg\" alt=\"\" width=\"350\" height=\"382\" srcset=\"http:\/\/escuelanidodecisnes.cl\/web\/wp-content\/uploads\/2024\/04\/IMG-20240404-WA0007-275x300.jpg 275w, http:\/\/escuelanidodecisnes.cl\/web\/wp-content\/uploads\/2024\/04\/IMG-20240404-WA0007.jpg 780w\" sizes=\"(max-width: 350px) 100vw, 350px\" \/> <img loading=\"lazy\" class=\"alignnone wp-image-11631\" src=\"http:\/\/escuelanidodecisnes.cl\/web\/wp-content\/uploads\/2024\/04\/IMG-20240404-WA0012-282x300.jpg\" alt=\"\" width=\"350\" height=\"372\" srcset=\"http:\/\/escuelanidodecisnes.cl\/web\/wp-content\/uploads\/2024\/04\/IMG-20240404-WA0012-282x300.jpg 282w, http:\/\/escuelanidodecisnes.cl\/web\/wp-content\/uploads\/2024\/04\/IMG-20240404-WA0012.jpg 780w\" sizes=\"(max-width: 350px) 100vw, 350px\" \/> <img loading=\"lazy\" class=\"wp-image-11632 aligncenter\" src=\"http:\/\/escuelanidodecisnes.cl\/web\/wp-content\/uploads\/2024\/04\/IMG-20240404-WA0018-300x225.jpg\" alt=\"\" width=\"370\" height=\"278\" srcset=\"http:\/\/escuelanidodecisnes.cl\/web\/wp-content\/uploads\/2024\/04\/IMG-20240404-WA0018-300x225.jpg 300w, http:\/\/escuelanidodecisnes.cl\/web\/wp-content\/uploads\/2024\/04\/IMG-20240404-WA0018-1024x768.jpg 1024w, http:\/\/escuelanidodecisnes.cl\/web\/wp-content\/uploads\/2024\/04\/IMG-20240404-WA0018.jpg 1040w\" sizes=\"(max-width: 370px) 100vw, 370px\" \/><\/p>\n","protected":false},"excerpt":{"rendered":"<p>En nuestro colegio los alumnos de octavo a\u00f1o b\u00e1sico realizaron una actividad con la profesora Josselyn Guerrero en Ciencias Naturales, en la unidad \u201cOrganismo, ambiente y c\u00e9lula\u201d, en la que iniciaron una l\u00ednea de tiempo sobre la teor\u00eda de las c\u00e9lulas. Esta actividad consist\u00eda en buscar informaci\u00f3n de investigadores que ayudaron con los descubrimientos de [&hellip;]<\/p>\n","protected":false},"author":2,"featured_media":11633,"comment_status":"open","ping_status":"open","sticky":false,"template":"","format":"standard","meta":[],"categories":[4],"tags":[72,47,7,5],"_links":{"self":[{"href":"http:\/\/escuelanidodecisnes.cl\/web\/index.php\/wp-json\/wp\/v2\/posts\/11629"}],"collection":[{"href":"http:\/\/escuelanidodecisnes.cl\/web\/index.php\/wp-json\/wp\/v2\/posts"}],"about":[{"href":"http:\/\/escuelanidodecisnes.cl\/web\/index.php\/wp-json\/wp\/v2\/types\/post"}],"author":[{"embeddable":true,"href":"http:\/\/escuelanidodecisnes.cl\/web\/index.php\/wp-json\/wp\/v2\/users\/2"}],"replies":[{"embeddable":true,"href":"http:\/\/escuelanidodecisnes.cl\/web\/index.php\/wp-json\/wp\/v2\/comments?post=11629"}],"version-history":[{"count":1,"href":"http:\/\/escuelanidodecisnes.cl\/web\/index.php\/wp-json\/wp\/v2\/posts\/11629\/revisions"}],"predecessor-version":[{"id":11634,"href":"http:\/\/escuelanidodecisnes.cl\/web\/index.php\/wp-json\/wp\/v2\/posts\/11629\/revisions\/11634"}],"wp:featuredmedia":[{"embeddable":true,"href":"http:\/\/escuelanidodecisnes.cl\/web\/index.php\/wp-json\/wp\/v2\/media\/11633"}],"wp:attachment":[{"href":"http:\/\/escuelanidodecisnes.cl\/web\/index.php\/wp-json\/wp\/v2\/media?parent=11629"}],"wp:term":[{"taxonomy":"category","embeddable":true,"href":"http:\/\/escuelanidodecisnes.cl\/web\/index.php\/wp-json\/wp\/v2\/categories?post=11629"},{"taxonomy":"post_tag","embeddable":true,"href":"http:\/\/escuelanidodecisnes.cl\/web\/index.php\/wp-json\/wp\/v2\/tags?post=11629"}],"curies":[{"name":"wp","href":"https:\/\/api.w.org\/{rel}","templated":true}]}}